{"id":117529,"date":"2025-06-26T16:22:49","date_gmt":"2025-06-26T16:22:49","guid":{"rendered":"https:\/\/rdnews.al\/?p=117529"},"modified":"2025-06-26T16:22:49","modified_gmt":"2025-06-26T16:22:49","slug":"foto-rama-shkon-ne-parlament-pasi-iken-berisha-deputetet-e-ps-shfaqen-te-merzitur-vetem-balluku-e-qeshur","status":"publish","type":"post","link":"https:\/\/rdnews.al\/index.php\/2025\/06\/26\/foto-rama-shkon-ne-parlament-pasi-iken-berisha-deputetet-e-ps-shfaqen-te-merzitur-vetem-balluku-e-qeshur\/","title":{"rendered":"Foto\/ Rama shkon n\u00eb parlament pasi ik\u00ebn Berisha, deputet\u00ebt e PS shfaqen t\u00eb m\u00ebrzitur, vet\u00ebm Balluku e qeshur&#8230;"},"content":{"rendered":"<div id=\"rekl-49\">Prej muajsh opozita e ka k\u00ebrkuar q\u00eb t\u00eb vinte n\u00eb sall\u00ebn e parlamentit, por Edi Rama nuk ka shkelur n\u00eb sall\u00ebn e parlamentit.<\/div>\n<div class=\"readmore-text-here\">\n<p>Sapo ka mb\u00ebrritur nga udh\u00ebtimi 36 mij\u00eb dollar\u00ebsh me charter nga Haga, t\u00eb cilin nuk dihet se kush e ka paguar, Edi Rama \u00ebsht\u00eb shfaqur n\u00eb sall\u00ebn e parlamentit.<\/p>\n<p>Rama u shfaq n\u00eb sall\u00ebn e parlamentit, pasi lideri i opozit\u00ebs, Sali Berisha, nuk ishte i pranish\u00ebm, sepse ishte larguar pas akuzave q\u00eb l\u00ebshoi n\u00eb drejtim t\u00eb Edi Ram\u00ebs dhe mazhoranc\u00ebs s\u00eb tij. momenti mund t\u00eb konsiderohej si simbolik p\u00ebr socialist\u00ebt, q\u00eb kishin muaj q\u00eb nuk e shihnin Ram\u00ebn aty, por atmosfera n\u00eb radh\u00ebt e tyre nuk ishte aspak festive.<\/p>\n<p><img decoding=\"async\" src=\"https:\/\/www.syri.net\/uploads\/syri.net\/images\/2025\/June\/26\/auto_WhatsApp-Image-2025-06-26-at-5.07.09-PM-750x5021750953667.jpeg\" alt=\"Image\" \/><\/p>\n<p>Shum\u00eb deputet\u00eb t\u00eb Partis\u00eb Socialiste, mes tyre dhe ministri Balla, si\u00e7 mund ta shikoni n\u00eb foto, nuk treguan as entuziaz\u00ebm e as interes t\u00eb ve\u00e7ant\u00eb p\u00ebr kthimin e Ram\u00ebs n\u00eb parlament, duke reflektuar edhe faktin se, shumica prej tyre nuk do t\u00eb jen\u00eb m\u00eb pjes\u00eb e Kuvendit, pasi jan\u00eb z\u00ebvend\u00ebsuar nga Rama me Sara Milan, Zegjine \u00c7aushin, Arkend Balla, e deputet\u00eb t\u00eb tjer\u00eb t\u00eb panjohur, por q\u00eb jan\u00eb futur n\u00eb k\u00ebt\u00eb sall\u00eb me votat e bandave kriminale.<\/p>\n<p><img decoding=\"async\" src=\"https:\/\/www.syri.net\/uploads\/syri.net\/images\/2025\/June\/26\/auto_WhatsApp-Image-2025-06-26-at-5.07.18-PM-2048x15981750953667.jpeg\" alt=\"Image\" \/><\/p>\n<p><img decoding=\"async\" src=\"https:\/\/www.syri.net\/uploads\/syri.net\/images\/2025\/June\/26\/auto_a4358092-b6a5-4d4d-b065-ee9945d80edc1750954352.jpg\" alt=\"Image\" \/><img decoding=\"async\" src=\"https:\/\/www.syri.net\/uploads\/syri.net\/images\/2025\/June\/26\/auto_WhatsApp_Image_2025-06-26_at_17.36.551750954354.jpeg\" alt=\"Image\" \/><img decoding=\"async\" src=\"https:\/\/www.syri.net\/uploads\/syri.net\/images\/2025\/June\/26\/auto_9ce08701-5f0c-4391-bd2a-84b678ff5f321750954352.jpg\" alt=\"Image\" \/><\/p>\n<\/div>\n<div id=\"rekl-45\"><\/div>\n<div id=\"rekl-16\"><\/div>\n<div id=\"rekl-33\"><\/div>\n","protected":false},"excerpt":{"rendered":"<p>Prej muajsh opozita e ka k\u00ebrkuar q\u00eb t\u00eb vinte n\u00eb sall\u00ebn e parlamentit, por Edi Rama nuk ka shkelur n\u00eb sall\u00ebn e parlamentit. Sapo ka mb\u00ebrritur nga udh\u00ebtimi 36 mij\u00eb dollar\u00ebsh me charter nga Haga, t\u00eb cilin nuk dihet se kush e ka paguar, Edi Rama \u00ebsht\u00eb shfaqur n\u00eb sall\u00ebn e parlamentit. Rama u shfaq &hellip;<\/p>\n","protected":false},"author":4,"featured_media":117530,"comment_status":"closed","ping_status":"closed","sticky":false,"template":"","format":"standard","meta":{"footnotes":""},"categories":[37],"tags":[],"class_list":["post-117529","post","type-post","status-publish","format-standard","has-post-thumbnail","","category-politike"],"_links":{"self":[{"href":"https:\/\/rdnews.al\/index.php\/wp-json\/wp\/v2\/posts\/117529","targetHints":{"allow":["GET"]}}],"collection":[{"href":"https:\/\/rdnews.al\/index.php\/wp-json\/wp\/v2\/posts"}],"about":[{"href":"https:\/\/rdnews.al\/index.php\/wp-json\/wp\/v2\/types\/post"}],"author":[{"embeddable":true,"href":"https:\/\/rdnews.al\/index.php\/wp-json\/wp\/v2\/users\/4"}],"replies":[{"embeddable":true,"href":"https:\/\/rdnews.al\/index.php\/wp-json\/wp\/v2\/comments?post=117529"}],"version-history":[{"count":1,"href":"https:\/\/rdnews.al\/index.php\/wp-json\/wp\/v2\/posts\/117529\/revisions"}],"predecessor-version":[{"id":117531,"href":"https:\/\/rdnews.al\/index.php\/wp-json\/wp\/v2\/posts\/117529\/revisions\/117531"}],"wp:featuredmedia":[{"embeddable":true,"href":"https:\/\/rdnews.al\/index.php\/wp-json\/wp\/v2\/media\/117530"}],"wp:attachment":[{"href":"https:\/\/rdnews.al\/index.php\/wp-json\/wp\/v2\/media?parent=117529"}],"wp:term":[{"taxonomy":"category","embeddable":true,"href":"https:\/\/rdnews.al\/index.php\/wp-json\/wp\/v2\/categories?post=117529"},{"taxonomy":"post_tag","embeddable":true,"href":"https:\/\/rdnews.al\/index.php\/wp-json\/wp\/v2\/tags?post=117529"}],"curies":[{"name":"wp","href":"https:\/\/api.w.org\/{rel}","templated":true}]}}