{"id":117535,"date":"2025-06-26T16:33:24","date_gmt":"2025-06-26T16:33:24","guid":{"rendered":"https:\/\/rdnews.al\/?p=117535"},"modified":"2025-06-26T16:33:24","modified_gmt":"2025-06-26T16:33:24","slug":"erdogan-paralajmeron-izraelin-kujdes-me-iranin-armepushim-ne-gaza","status":"publish","type":"post","link":"https:\/\/rdnews.al\/index.php\/2025\/06\/26\/erdogan-paralajmeron-izraelin-kujdes-me-iranin-armepushim-ne-gaza\/","title":{"rendered":"Erdogan paralajm\u00ebron Izraelin: Kujdes me Iranin! Arm\u00ebpushim n\u00eb Gaza!"},"content":{"rendered":"<p>Presidenti turk, Rexhep Tayyip Erdogan Samitin e NATO-s e p\u00ebrdori p\u00ebr t\u00eb p\u00ebrcjell\u00eb nj\u00eb mesazh t\u00eb qart\u00eb: Arm\u00ebpushimi mes Izraelit dhe Iranit duhet t\u00eb b\u00ebhet i p\u00ebrhersh\u00ebm, dhe t\u00eb vendoset pushim-zjarri n\u00eb Gaz\u00eb, n\u00eb m\u00ebnyr\u00eb q\u00eb t\u00eb leht\u00ebsohet kriza humanitare ne enklav\u00eb.<\/p>\n<p>Zyra e Erdoganit njoftoi se gjat\u00eb samitit, kreu i shtetit turk zhvilloi bisedime me udh\u00ebheq\u00ebsit e Franc\u00ebs, Gjermanis\u00eb dhe Britanis\u00eb me t\u00eb cil\u00ebt ka folur p\u00ebr tensionet rajonale, lidhjet dypal\u00ebshe, raportet me Bashkimin Europian dhe bashk\u00ebpunimin n\u00eb industrin\u00eb e mbrojtjes.<\/p>\n<p>Ai u takua edhe shefin e Sht\u00ebpis\u00eb s\u00eb Bardh\u00eb, Donald Trump.<\/p>\n<p>\u201c<em>Presidenti Erdogan ka mir\u00ebpritur arm\u00ebpushimin mes Izraelit dhe Iranit dhe \u00ebsht\u00eb shprehur se situata ka nevoj\u00eb q\u00eb t\u00eb kthehet n\u00eb nj\u00eb qet\u00ebsi afatgjat\u00eb. Ai po ashtu kujtoi se kriza humanitare n\u00eb Gaz\u00eb sa vjen e r\u00ebndohet dhe se atje k\u00ebrkohet po ashtu n\u00eb m\u00ebnyr\u00eb urgjente nj\u00eb arm\u00ebpushim afatgjat\u00eb<\/em>\u201d, thuhet n\u00eb njoftim.<\/p>\n<p>Turqia, an\u00ebtare e NATO-s, \u00ebsht\u00eb kritike e ashp\u00ebr e Izraelit dhe luft\u00ebs s\u00eb tij kund\u00ebr Hamasit. Gaza ka p\u00ebsuar shkat\u00ebrrime t\u00eb m\u00ebdha, pas dy vjet\u00ebsh luft\u00eb dhe popullsia e k\u00ebtij territori \u00ebsht\u00eb zhvendosur\u00a0me raste edhe disa her\u00eb\u00a0q\u00eb nga 7 tetori 2023, kur nisi konflikti.<\/p>\n<p>Thirrje t\u00eb ngjashme Erdogan b\u00ebri edhe gjat\u00eb takimit me kancelarin gjerman, Friedrich Merz, ku n\u00ebnvizoi se duhet t\u00eb gjendet nj\u00eb zgjidhje p\u00ebr kriz\u00ebn humanitare n\u00eb Gaz\u00eb.<\/p>\n","protected":false},"excerpt":{"rendered":"<p>Presidenti turk, Rexhep Tayyip Erdogan Samitin e NATO-s e p\u00ebrdori p\u00ebr t\u00eb p\u00ebrcjell\u00eb nj\u00eb mesazh t\u00eb qart\u00eb: Arm\u00ebpushimi mes Izraelit dhe Iranit duhet t\u00eb b\u00ebhet i p\u00ebrhersh\u00ebm, dhe t\u00eb vendoset pushim-zjarri n\u00eb Gaz\u00eb, n\u00eb m\u00ebnyr\u00eb q\u00eb t\u00eb leht\u00ebsohet kriza humanitare ne enklav\u00eb. Zyra e Erdoganit njoftoi se gjat\u00eb samitit, kreu i shtetit turk zhvilloi bisedime &hellip;<\/p>\n","protected":false},"author":4,"featured_media":116718,"comment_status":"closed","ping_status":"closed","sticky":false,"template":"","format":"standard","meta":{"footnotes":""},"categories":[38],"tags":[],"class_list":["post-117535","post","type-post","status-publish","format-standard","has-post-thumbnail","","category-bota"],"_links":{"self":[{"href":"https:\/\/rdnews.al\/index.php\/wp-json\/wp\/v2\/posts\/117535","targetHints":{"allow":["GET"]}}],"collection":[{"href":"https:\/\/rdnews.al\/index.php\/wp-json\/wp\/v2\/posts"}],"about":[{"href":"https:\/\/rdnews.al\/index.php\/wp-json\/wp\/v2\/types\/post"}],"author":[{"embeddable":true,"href":"https:\/\/rdnews.al\/index.php\/wp-json\/wp\/v2\/users\/4"}],"replies":[{"embeddable":true,"href":"https:\/\/rdnews.al\/index.php\/wp-json\/wp\/v2\/comments?post=117535"}],"version-history":[{"count":1,"href":"https:\/\/rdnews.al\/index.php\/wp-json\/wp\/v2\/posts\/117535\/revisions"}],"predecessor-version":[{"id":117536,"href":"https:\/\/rdnews.al\/index.php\/wp-json\/wp\/v2\/posts\/117535\/revisions\/117536"}],"wp:featuredmedia":[{"embeddable":true,"href":"https:\/\/rdnews.al\/index.php\/wp-json\/wp\/v2\/media\/116718"}],"wp:attachment":[{"href":"https:\/\/rdnews.al\/index.php\/wp-json\/wp\/v2\/media?parent=117535"}],"wp:term":[{"taxonomy":"category","embeddable":true,"href":"https:\/\/rdnews.al\/index.php\/wp-json\/wp\/v2\/categories?post=117535"},{"taxonomy":"post_tag","embeddable":true,"href":"https:\/\/rdnews.al\/index.php\/wp-json\/wp\/v2\/tags?post=117535"}],"curies":[{"name":"wp","href":"https:\/\/api.w.org\/{rel}","templated":true}]}}