{"id":117537,"date":"2025-06-26T16:39:05","date_gmt":"2025-06-26T16:39:05","guid":{"rendered":"https:\/\/rdnews.al\/?p=117537"},"modified":"2025-06-26T16:41:09","modified_gmt":"2025-06-26T16:41:09","slug":"malltezi-publikon-videon-altin-dumani-del-ne-listen-e-patronazhisteve-te-ps","status":"publish","type":"post","link":"https:\/\/rdnews.al\/index.php\/2025\/06\/26\/malltezi-publikon-videon-altin-dumani-del-ne-listen-e-patronazhisteve-te-ps\/","title":{"rendered":"Video\/ Altin Dumani n\u00eb list\u00ebn e patronazhist\u00ebve: Preferoj PS-n\u00eb!"},"content":{"rendered":"<p>Kreu i SPAK, Altin Dumani duket se renditet si i majt\u00eb dhe preferenca e tij politike \u00ebsht\u00eb pik\u00ebrisht partia n\u00eb pushtet, PS.<\/p>\n<p>Ka qen\u00eb Jamarb\u00ebr Malltezi, an\u00ebtar i kryesis\u00eb dhe K\u00ebshillit Komb\u00ebtar t\u00eb PD q\u00eb ka b\u00ebr\u00eb publike list\u00ebn e patronazhist\u00ebve, dhe mes tyre renditet edhe emri i kreut t\u00eb SPAK.<\/p>\n<p>Si\u00e7 shihet n\u00eb videon e publikuar n\u00eb rrjetet sociale, Dumani \u00ebsht\u00eb listuar me t\u00eb dh\u00ebnat e tij personale si numrin i ID, numri i telefonit, at\u00ebsia dhe bindja e tij politike, konkretisht Partia Socialiste.<\/p>\n<div class=\"aspect-ratio\"><iframe loading=\"lazy\" class=\"rumble\" src=\"https:\/\/rumble.com\/embed\/v6t5y63\/?pub=1j3sut\" width=\"640\" height=\"360\" frameborder=\"0\" allowfullscreen=\"allowfullscreen\"><\/iframe><\/div>\n<div class=\"ndaje-pak\">\n<p>&nbsp;<\/p>\n<\/div>\n<p>&nbsp;<\/p>\n","protected":false},"excerpt":{"rendered":"<p>Kreu i SPAK, Altin Dumani duket se renditet si i majt\u00eb dhe preferenca e tij politike \u00ebsht\u00eb pik\u00ebrisht partia n\u00eb pushtet, PS. Ka qen\u00eb Jamarb\u00ebr Malltezi, an\u00ebtar i kryesis\u00eb dhe K\u00ebshillit Komb\u00ebtar t\u00eb PD q\u00eb ka b\u00ebr\u00eb publike list\u00ebn e patronazhist\u00ebve, dhe mes tyre renditet edhe emri i kreut t\u00eb SPAK. Si\u00e7 shihet n\u00eb videon &hellip;<\/p>\n","protected":false},"author":4,"featured_media":72743,"comment_status":"closed","ping_status":"closed","sticky":false,"template":"","format":"standard","meta":{"footnotes":""},"categories":[37],"tags":[],"class_list":["post-117537","post","type-post","status-publish","format-standard","has-post-thumbnail","","category-politike"],"_links":{"self":[{"href":"https:\/\/rdnews.al\/index.php\/wp-json\/wp\/v2\/posts\/117537","targetHints":{"allow":["GET"]}}],"collection":[{"href":"https:\/\/rdnews.al\/index.php\/wp-json\/wp\/v2\/posts"}],"about":[{"href":"https:\/\/rdnews.al\/index.php\/wp-json\/wp\/v2\/types\/post"}],"author":[{"embeddable":true,"href":"https:\/\/rdnews.al\/index.php\/wp-json\/wp\/v2\/users\/4"}],"replies":[{"embeddable":true,"href":"https:\/\/rdnews.al\/index.php\/wp-json\/wp\/v2\/comments?post=117537"}],"version-history":[{"count":4,"href":"https:\/\/rdnews.al\/index.php\/wp-json\/wp\/v2\/posts\/117537\/revisions"}],"predecessor-version":[{"id":117541,"href":"https:\/\/rdnews.al\/index.php\/wp-json\/wp\/v2\/posts\/117537\/revisions\/117541"}],"wp:featuredmedia":[{"embeddable":true,"href":"https:\/\/rdnews.al\/index.php\/wp-json\/wp\/v2\/media\/72743"}],"wp:attachment":[{"href":"https:\/\/rdnews.al\/index.php\/wp-json\/wp\/v2\/media?parent=117537"}],"wp:term":[{"taxonomy":"category","embeddable":true,"href":"https:\/\/rdnews.al\/index.php\/wp-json\/wp\/v2\/categories?post=117537"},{"taxonomy":"post_tag","embeddable":true,"href":"https:\/\/rdnews.al\/index.php\/wp-json\/wp\/v2\/tags?post=117537"}],"curies":[{"name":"wp","href":"https:\/\/api.w.org\/{rel}","templated":true}]}}