{"id":11756,"date":"2022-05-09T19:12:24","date_gmt":"2022-05-09T19:12:24","guid":{"rendered":"https:\/\/rdnews.al\/?p=11756"},"modified":"2022-05-09T19:16:27","modified_gmt":"2022-05-09T19:16:27","slug":"inceneratoret-berisha-abuzimi-monstruoz-u-firmos-ne-zyren-e-rames-nga-agaci","status":"publish","type":"post","link":"https:\/\/rdnews.al\/index.php\/2022\/05\/09\/inceneratoret-berisha-abuzimi-monstruoz-u-firmos-ne-zyren-e-rames-nga-agaci\/","title":{"rendered":"Incenerator\u00ebt\/ Berisha: Abuzimi monstruoz u firmos n\u00eb zyr\u00ebn e Ram\u00ebs nga Aga\u00e7i"},"content":{"rendered":"<p>Ish-Kryeministri Sali Berisha deklaroi n\u00eb emisionin &#8216;\u00c7im Peka Live&#8217; se, Erion Veliaj ka siguruar nj\u00eb mb\u00ebshtetje t\u00eb madhe dhe Ram\u00ebs i \u00ebsht\u00eb k\u00ebrkuar q\u00eb t\u2019i \u00e7el\u00eb rrug\u00ebn atij.<\/p>\n<p>Berisha teksa p\u00ebrmendi incenerator\u00ebt tha se, i gjith\u00eb abuzimi monstruoz \u00ebsht\u00eb b\u00ebr\u00eb me firm\u00ebn e Ram\u00ebs n\u00eb zyr\u00ebn e tij nga Engj\u00ebll Aga\u00e7i.<\/p>\n<p>&#8220;Kan\u00eb t\u00eb nj\u00ebjtat qendra k\u00ebta, mos t&#8217;i citojm\u00eb. Rama n\u00eb zarfin q\u00eb hapi u tha socialist\u00ebve q\u00eb m\u00eb i propozuari del Edi Rama. A e propozuan socialist\u00ebt p\u00ebr ta hequr qafe, a e shpalli ky se ka d\u00ebshir\u00eb.<\/p>\n<p>Ka firmosur tek incenerator\u00ebt. Lefter Koka i propozoi Agjencis\u00eb s\u00eb Prokurorimeve Publike q\u00eb k\u00ebt\u00eb tender ta b\u00ebj\u00eb me negociata t\u00eb mbyllura. Kthejn\u00eb p\u00ebrgjigje q\u00eb \u00ebsht\u00eb e paligjshme kjo procedur\u00eb.<\/p>\n<p>Kush e vendos, kush e b\u00ebn ligjin? Ligji nuk u shkruajt n\u00eb zyrat e Veliajt dhe Ahmetajt, por n\u00eb zyrat e Ram\u00ebs nga Aga\u00e7i, njeriu i cili me \u00e7do kusht duhet t\u00eb ndalonte procedur\u00ebn\u201d, tha Berisha.<\/p>\n","protected":false},"excerpt":{"rendered":"<p>Ish-Kryeministri Sali Berisha deklaroi n\u00eb emisionin &#8216;\u00c7im Peka Live&#8217; se, Erion Veliaj ka siguruar nj\u00eb mb\u00ebshtetje t\u00eb madhe dhe Ram\u00ebs i \u00ebsht\u00eb k\u00ebrkuar q\u00eb t\u2019i \u00e7el\u00eb rrug\u00ebn atij. Berisha teksa p\u00ebrmendi incenerator\u00ebt tha se, i gjith\u00eb abuzimi monstruoz \u00ebsht\u00eb b\u00ebr\u00eb me firm\u00ebn e Ram\u00ebs n\u00eb zyr\u00ebn e tij nga Engj\u00ebll Aga\u00e7i. &#8220;Kan\u00eb t\u00eb nj\u00ebjtat qendra &hellip;<\/p>\n","protected":false},"author":4,"featured_media":0,"comment_status":"open","ping_status":"open","sticky":false,"template":"","format":"standard","meta":{"footnotes":""},"categories":[40],"tags":[],"class_list":["post-11756","post","type-post","status-publish","format-standard","","category-aktualitet"],"_links":{"self":[{"href":"https:\/\/rdnews.al\/index.php\/wp-json\/wp\/v2\/posts\/11756","targetHints":{"allow":["GET"]}}],"collection":[{"href":"https:\/\/rdnews.al\/index.php\/wp-json\/wp\/v2\/posts"}],"about":[{"href":"https:\/\/rdnews.al\/index.php\/wp-json\/wp\/v2\/types\/post"}],"author":[{"embeddable":true,"href":"https:\/\/rdnews.al\/index.php\/wp-json\/wp\/v2\/users\/4"}],"replies":[{"embeddable":true,"href":"https:\/\/rdnews.al\/index.php\/wp-json\/wp\/v2\/comments?post=11756"}],"version-history":[{"count":0,"href":"https:\/\/rdnews.al\/index.php\/wp-json\/wp\/v2\/posts\/11756\/revisions"}],"wp:attachment":[{"href":"https:\/\/rdnews.al\/index.php\/wp-json\/wp\/v2\/media?parent=11756"}],"wp:term":[{"taxonomy":"category","embeddable":true,"href":"https:\/\/rdnews.al\/index.php\/wp-json\/wp\/v2\/categories?post=11756"},{"taxonomy":"post_tag","embeddable":true,"href":"https:\/\/rdnews.al\/index.php\/wp-json\/wp\/v2\/tags?post=11756"}],"curies":[{"name":"wp","href":"https:\/\/api.w.org\/{rel}","templated":true}]}}