{"id":117572,"date":"2025-06-27T08:41:19","date_gmt":"2025-06-27T08:41:19","guid":{"rendered":"https:\/\/rdnews.al\/?p=117572"},"modified":"2025-06-27T08:41:19","modified_gmt":"2025-06-27T08:41:19","slug":"foto-plazhet-ne-vlore-mbulohen-nga-plehrat-dredha-braktis-qytetaret-dhe-turistet-e-rames","status":"publish","type":"post","link":"https:\/\/rdnews.al\/index.php\/2025\/06\/27\/foto-plazhet-ne-vlore-mbulohen-nga-plehrat-dredha-braktis-qytetaret-dhe-turistet-e-rames\/","title":{"rendered":"Foto\/ Plazhet n\u00eb Vlor\u00eb mbulohen nga plehrat, Dredha braktis qytetar\u00ebt dhe \u201cturist\u00ebt e Ram\u00ebs\u201d"},"content":{"rendered":"<p>Zona e plazhit t\u00eb vjet\u00ebr n\u00eb qytetin bregdetar t\u00eb Vlor\u00ebs po p\u00ebrballet me ndotje masive, nd\u00ebrsa pushuesit dhe banor\u00ebt lokal\u00eb ndeshen \u00e7do dit\u00eb me grumbuj mbeturinash q\u00eb mbulojn\u00eb bregun dhe hap\u00ebsirat publike.<\/p>\n<div class=\"jeg_ad jeg_ad_article jnews_content_inline_ads  \">\n<div class=\"ads-wrapper align-center \">\n<div class=\"ads_code\">Ndon\u00ebse sezoni turistik ka nisur, situata nuk ka marr\u00eb asnj\u00eb zgjidhje konkrete, teksa plazhi \u00ebsht\u00eb pushtuar nga plehrat.<\/div>\n<\/div>\n<\/div>\n<p>Qytetar\u00ebt shprehen t\u00eb zhg\u00ebnjyer nga mungesa e kujdesit t\u00eb bashkis\u00eb Vlor\u00eb duke theksuar se plazhi mund t\u00eb kthehet n\u00eb vat\u00ebr infeksionesh dhe imazh negativ p\u00ebr pushuesit, kryesisht turist\u00ebt e huaj. Ndon\u00ebse plazhi i vjet\u00ebr n\u00eb Vlor\u00eb po qelbet nga plehrat, bashkia Vlor\u00eb nuk vepron dhe t\u00eb justifikoj\u00eb taksat q\u00eb merr nga banor\u00ebt.<\/p>\n<p>Si pasoj\u00eb e pisll\u00ebkut q\u00eb ka gllab\u00ebruar t\u00eb gjith\u00eb qytetin \u201cturistik\u201d q\u00eb propagandohet nga kryeministri Edi Rama, pushteti vendor nuk merr asnj\u00eb mas\u00eb.<\/p>\n<p>Banor\u00ebt pasi u ushqyen me propagand\u00ebn elektorale t\u00eb Ram\u00ebs, para zgjedhjeve t\u00eb 11 majit, p\u00ebr investimet n\u00eb infrastruktur\u00eb dhe zhvillimin turistik t\u00eb qytetit, tani vijojn\u00eb t\u00eb p\u00ebrballen me situata t\u00eb pag\u00ebndshme n\u00eb plazhet e Vlor\u00ebs.<\/p>\n<div class=\"jnews_inline_related_post_wrapper left\">\n<div class=\"jnews_inline_related_post\">\n<div class=\"jeg_postblock_29 jeg_postblock jeg_module_hook jeg_pagination_disable jeg_col_2o3 jnews_module_1567361_1_685e5405230be   \" data-unique=\"jnews_module_1567361_1_685e5405230be\">\n<div class=\"jeg_block_heading jeg_block_heading_6 jeg_subcat_right\"><\/div>\n<div class=\"jeg_block_navigation\"><img loading=\"lazy\" decoding=\"async\" class=\"alignnone size-full wp-image-1567368\" src=\"https:\/\/boldnews.al\/wp-content\/uploads\/2025\/06\/508519576_2077665609394588_2944431513813414962_n.jpg\" alt=\"\" width=\"563\" height=\"1000\" data-pin-no-hover=\"true\" \/><\/div>\n<\/div>\n<\/div>\n<\/div>\n<p><em>\u201cZona e plazhit te vjeter ne Vlore eshte e ndotur kudo mbeturina e nuk vihet dore nga bashkia. Do ju lutesha shume ta postonit. Faleminderit e pune te mbare!\u201d,<\/em>\u00a0shkruan qytetarja ne denoncimin p\u00ebr JOQ.<\/p>\n<p><img loading=\"lazy\" decoding=\"async\" class=\"alignnone size-full wp-image-1567369\" src=\"https:\/\/boldnews.al\/wp-content\/uploads\/2025\/06\/508496045_1822368811676224_8865375412568995782_n.jpg\" alt=\"\" width=\"563\" height=\"1000\" data-pin-no-hover=\"true\" \/><\/p>\n<p>N\u00eb k\u00ebt\u00eb situat\u00eb bashkia Vlor\u00eb, me kryebashkiak Ermal Dredh\u00ebn duhet t\u00eb veprojn\u00eb dhe t\u00eb pastrojn\u00eb plazhin e vjet\u00ebr n\u00eb Vlor\u00eb, duhet t\u00eb vendosen kosha mbeturinash n\u00eb m\u00ebnyr\u00eb q\u00eb plazhi t\u00eb jet\u00eb i denj\u00eb p\u00ebr pushuesit dhe t\u00eb mos d\u00ebmtoj\u00eb m\u00eb tej mjedisin apo t\u00eb rrezikoj\u00eb sh\u00ebndetin e pushuesve t\u00eb cil\u00ebt n\u00eb vend q\u00eb t\u00eb vijn\u00eb n\u00eb Vlor\u00eb p\u00ebr pushime, p\u00ebrballem me pirgje plehrash.<\/p>\n<p>Jo vet\u00ebm pislliku dhe mungesa e ujit, por prej koh\u00ebsh Vlora po mbytet nga tymi kancerogjen i zjarreve n\u00eb fush\u00ebn e mbetjes.<\/p>\n<p><img loading=\"lazy\" decoding=\"async\" class=\"alignnone size-full wp-image-1567370\" src=\"https:\/\/boldnews.al\/wp-content\/uploads\/2025\/06\/508905495_1881450785967818_3564004936439247781_n.jpg\" alt=\"\" width=\"563\" height=\"1000\" data-pin-no-hover=\"true\" \/>\u00a0<img loading=\"lazy\" decoding=\"async\" class=\"alignnone size-medium wp-image-1567371\" src=\"https:\/\/boldnews.al\/wp-content\/uploads\/2025\/06\/512657812_524904350617260_8457980543964769827_n.jpg\" alt=\"\" width=\"563\" height=\"1000\" data-pin-no-hover=\"true\" \/><\/p>\n","protected":false},"excerpt":{"rendered":"<p>Zona e plazhit t\u00eb vjet\u00ebr n\u00eb qytetin bregdetar t\u00eb Vlor\u00ebs po p\u00ebrballet me ndotje masive, nd\u00ebrsa pushuesit dhe banor\u00ebt lokal\u00eb ndeshen \u00e7do dit\u00eb me grumbuj mbeturinash q\u00eb mbulojn\u00eb bregun dhe hap\u00ebsirat publike. Ndon\u00ebse sezoni turistik ka nisur, situata nuk ka marr\u00eb asnj\u00eb zgjidhje konkrete, teksa plazhi \u00ebsht\u00eb pushtuar nga plehrat. Qytetar\u00ebt shprehen t\u00eb zhg\u00ebnjyer nga &hellip;<\/p>\n","protected":false},"author":4,"featured_media":117573,"comment_status":"closed","ping_status":"closed","sticky":false,"template":"","format":"standard","meta":{"footnotes":""},"categories":[37],"tags":[],"class_list":["post-117572","post","type-post","status-publish","format-standard","has-post-thumbnail","","category-politike"],"_links":{"self":[{"href":"https:\/\/rdnews.al\/index.php\/wp-json\/wp\/v2\/posts\/117572","targetHints":{"allow":["GET"]}}],"collection":[{"href":"https:\/\/rdnews.al\/index.php\/wp-json\/wp\/v2\/posts"}],"about":[{"href":"https:\/\/rdnews.al\/index.php\/wp-json\/wp\/v2\/types\/post"}],"author":[{"embeddable":true,"href":"https:\/\/rdnews.al\/index.php\/wp-json\/wp\/v2\/users\/4"}],"replies":[{"embeddable":true,"href":"https:\/\/rdnews.al\/index.php\/wp-json\/wp\/v2\/comments?post=117572"}],"version-history":[{"count":1,"href":"https:\/\/rdnews.al\/index.php\/wp-json\/wp\/v2\/posts\/117572\/revisions"}],"predecessor-version":[{"id":117574,"href":"https:\/\/rdnews.al\/index.php\/wp-json\/wp\/v2\/posts\/117572\/revisions\/117574"}],"wp:featuredmedia":[{"embeddable":true,"href":"https:\/\/rdnews.al\/index.php\/wp-json\/wp\/v2\/media\/117573"}],"wp:attachment":[{"href":"https:\/\/rdnews.al\/index.php\/wp-json\/wp\/v2\/media?parent=117572"}],"wp:term":[{"taxonomy":"category","embeddable":true,"href":"https:\/\/rdnews.al\/index.php\/wp-json\/wp\/v2\/categories?post=117572"},{"taxonomy":"post_tag","embeddable":true,"href":"https:\/\/rdnews.al\/index.php\/wp-json\/wp\/v2\/tags?post=117572"}],"curies":[{"name":"wp","href":"https:\/\/api.w.org\/{rel}","templated":true}]}}