{"id":117601,"date":"2025-06-27T11:03:00","date_gmt":"2025-06-27T11:03:00","guid":{"rendered":"https:\/\/rdnews.al\/?p=117601"},"modified":"2025-06-27T12:33:57","modified_gmt":"2025-06-27T12:33:57","slug":"dita-e-pavaresise-se-shba-e-ngarkuara-me-pune-asnje-peshendetje-per-qeverine-rama-jo-i-pranishem","status":"publish","type":"post","link":"https:\/\/rdnews.al\/index.php\/2025\/06\/27\/dita-e-pavaresise-se-shba-e-ngarkuara-me-pune-asnje-peshendetje-per-qeverine-rama-jo-i-pranishem\/","title":{"rendered":"Dita e Pavar\u00ebsis\u00eb s\u00eb SHBA, E Ngarkuara me Pun\u00eb, asnj\u00eb p\u00ebsh\u00ebndetje p\u00ebr qeverin\u00eb, Rama, jo i pranish\u00ebm"},"content":{"rendered":"<p><strong>E Ngarkuar\u00ebs me Pun\u00eb e Shteteve t\u00eb Bashkuara n\u00eb Tiran\u00eb, Nancy VanHorn, gjat\u00eb ceremonis\u00eb p\u00ebr 249-vjetorin e Pavar\u00ebsis\u00eb s\u00eb SHBA-s\u00eb, t\u00eb organizuar nga Ambasada amerikane tha se \u201cAmerika \u00ebsht\u00eb me fat q\u00eb ka nj\u00eb aleat si Shqip\u00ebria\u201d. <\/strong><\/p>\n<p><strong>N\u00eb fjal\u00ebn e saj e Ngarkura me Pun\u00eb nuk p\u00ebrmendi n\u00eb asnj\u00eb rresht t\u00eb saj raportet me qeverin\u00eb Rama, nd\u00ebrsa vler\u00ebsoi Shqip\u00ebrin\u00eb. Rama nuk ishte i panish\u00ebm n\u00eb k\u00ebt\u00eb ceremoni ndryshe nga vitet e tjera ku pozonte me Yuri Kim me duart n\u00eb qaf\u00eb. <\/strong><\/p>\n<p><strong>Fjalimi i plote:<\/strong><\/p>\n<p>Gjenerallejt\u00ebnant Kingji, faleminderit p\u00ebr fjal\u00ebn tuaj. Ju nuk jeni vet\u00ebm nj\u00eb partner, por edhe nj\u00eb mik. Faleminderit sponsor\u00ebve tan\u00eb bujar\u00eb dhe stafit ton\u00eb t\u00eb p\u00ebrkushtuar q\u00eb mb\u00ebshtet\u00ebn k\u00ebt\u00eb fest\u00eb. Dhe faleminderit Kryetares s\u00eb Kuvendit Spiropali, t\u00eb nderuar ministra, ambasador\u00eb dhe t\u00eb nderuar t\u00eb ftuar, q\u00eb na u bashkuat n\u00eb Dit\u00ebn e Pavar\u00ebsis\u00eb s\u00eb Amerik\u00ebs.<\/p>\n<p>Amerikan\u00ebt nderojn\u00eb 4 korrikun 1776, dit\u00ebn kur t\u00eb par\u00ebt tan\u00eb n\u00ebnshkruan Deklarat\u00ebn e Pavar\u00ebsis\u00eb, si Dit\u00ebn ton\u00eb t\u00eb Pavar\u00ebsis\u00eb. Por, historia e kombit ton\u00eb fillon para asaj dite, me heronjt\u00eb q\u00eb luftuan p\u00ebr t\u00eb.<\/p>\n<p>Ajo luft\u00eb nisi nj\u00eb vit m\u00eb her\u00ebt, n\u00eb 1775, me fillimet e ushtris\u00eb m\u00eb t\u00eb madhe q\u00eb bota ka njohur ndonj\u00ebher\u00eb. Sonte festojm\u00eb jo vet\u00ebm vitin e 249-t\u00eb t\u00eb Amerik\u00ebs, por edhe 250-vjetorin e Ushtris\u00eb, Marin\u00ebs dhe Korpusit t\u00eb Marinsave t\u00eb Shteteve t\u00eb Bashkuara.<\/p>\n<p>M\u00eb 14 qershor 1775, Kongresi Kontinental i mbledhur n\u00eb Sall\u00ebn e Pavar\u00ebsis\u00eb n\u00eb Filadelfia votoi p\u00ebr t\u00eb bashkuar ushtrit\u00eb territoriale nga t\u00eb 13 kolonit\u00eb fillestare p\u00ebr t\u00eb formuar Ushtrin\u00eb Kontinentale \u2013 institucionin e par\u00eb komb\u00ebtar t\u00eb Amerik\u00ebs.<\/p>\n<p>Si\u00e7 tha Presidenti Trump gjat\u00eb festimit t\u00eb k\u00ebtij guri kilometrik n\u00eb Uashington disa jav\u00eb m\u00eb par\u00eb, n\u00eb at\u00eb dit\u00eb \u201cLiria mori mburoj\u00ebn e saj dhe pavar\u00ebsia mori shpat\u00ebn e saj. Ata patriot\u00eb t\u00eb Ushtris\u00eb s\u00eb par\u00eb n\u00eb Revolucionin Amerikan luftuan kund\u00ebr nj\u00eb armiku t\u00eb friksh\u00ebm dhe mund\u00ebsive t\u00eb pafavorshme, por ishin t\u00eb armatosur me nj\u00eb kauz\u00eb t\u00eb drejt\u00eb\u201d.<\/p>\n<p>K\u00ebto ushtri territoriale t\u00eb fragmentuara, por t\u00eb patrembura, tashm\u00eb kishin sfiduar pritshm\u00ebrit\u00eb, duke zmbrapsur Ushtrin\u00eb Britanike m\u00eb t\u00eb madhe dhe m\u00eb t\u00eb mir\u00eb pajisur n\u00eb betejat e Lexington, Concord dhe Bunker Hill, duke nisur nj\u00eb revolucion q\u00eb do t\u00eb ndryshonte rrjedh\u00ebn e historis\u00eb.<\/p>\n<p>M\u00eb 13 tetor 1775, n\u00eb Tavern\u00ebn \u201cTun\u201d u mblodh nj\u00eb komitet p\u00ebr t\u00eb shkruar kodet e luft\u00ebs q\u00eb themeluan Marin\u00ebn e SHBA-s\u00eb. Dhe nj\u00eb muaj m\u00eb von\u00eb, m\u00eb 10 n\u00ebntor 1775, Korpusi i Marin\u00ebs s\u00eb SHBA-s\u00eb mbajti fushat\u00ebn e par\u00eb t\u00eb rekrutimit n\u00eb tavern\u00eb, duke ngritur dy batalione. George Washington festoi n\u00eb Tavern\u00ebn \u201cTun\u201d em\u00ebrimin e tij si Komandant i t\u00eb gjitha forcave amerikane p\u00ebr t\u00eb luftuar britanik\u00ebt.<\/p>\n<p>K\u00ebto vende \u2013 Bunker Hill, Salla e Pavar\u00ebsis\u00eb, Taverna \u201cTun\u201d dhe shum\u00eb t\u00eb tjera \u2013 sh\u00ebrbejn\u00eb si kritere q\u00eb ne amerikan\u00ebt t\u00eb kujtojm\u00eb se nga kemi ardhur, se \u00e7far\u00eb p\u00ebrkrahim dhe sakrificat e burrave e grave t\u00eb guximshme p\u00ebr t\u00eb mbrojtur ato parime: lirin\u00eb, drejt\u00ebsin\u00eb, demokracin\u00eb.<\/p>\n<p>Sot, ju ftojm\u00eb t\u00eb vizitoni kopjen ton\u00eb t\u00eb Tavern\u00ebs \u201cTun\u201d dhe t\u00eb ngrini nj\u00eb got\u00eb me ne n\u00eb nder t\u00eb historis\u00eb s\u00eb Amerik\u00ebs dhe \u201ckauz\u00ebs s\u00eb drejt\u00eb\u201d t\u00eb saj. Sepse si\u00e7 e dim\u00eb mir\u00eb t\u00eb gjith\u00eb, Revolucioni Amerikan ishte vet\u00ebm fillimi.<\/p>\n<p>Gjat\u00eb dy shekujve e gjysm\u00eb t\u00eb fundit, udh\u00ebheqja amerikane ka shtruar rrug\u00ebn p\u00ebr nj\u00eb bot\u00eb m\u00eb t\u00eb lir\u00eb, m\u00eb paq\u00ebsore dhe m\u00eb t\u00eb begat\u00eb. Por, nuk mund ta b\u00ebjm\u00eb k\u00ebt\u00eb t\u00eb vet\u00ebm.<\/p>\n<p>Tashm\u00eb udh\u00ebheq\u00ebsit tan\u00eb jan\u00eb duke u kthyer n\u00eb sht\u00ebpi nga Samiti i NATO-s, ku Aleat\u00ebt u zotuan t\u00eb investojn\u00eb 5 p\u00ebr qind t\u00eb PBB-s\u00eb s\u00eb tyre \u00e7do vit p\u00ebr k\u00ebrkesat baz\u00eb t\u00eb mbrojtjes. Ne po mb\u00ebshtetemi tek aleat\u00ebt tan\u00eb q\u00eb t\u00eb b\u00ebjn\u00eb pjes\u00ebn e tyre p\u00ebr t\u00eb mbrojtur vlerat q\u00eb t\u00eb gjith\u00eb i \u00e7mojm\u00eb shum\u00eb.<\/p>\n<p>N\u00eb fillim t\u00eb k\u00ebtij muaji, pata nderin t\u00eb shihja se si forcat shqiptare dhe amerikane punonin s\u00eb bashku n\u00eb St\u00ebrvitjen DEFENDER-Europ\u00eb P\u00ebrgjigje e Menj\u00ebhershme. U preka thell\u00eb kur d\u00ebgjova nga nj\u00eb prej partner\u00ebve tan\u00eb shqiptar\u00eb historin\u00eb e nj\u00eb ushtari shqiptar t\u00eb vrar\u00eb n\u00eb aksion, nd\u00ebrsa sh\u00ebrbente n\u00eb kufi p\u00ebrkrah SHBA-s\u00eb gati nj\u00eb dekad\u00eb m\u00eb par\u00eb. Ai la pas nj\u00eb vajz\u00eb t\u00eb vog\u00ebl \u2013 tani nj\u00eb vajz\u00eb e re. I k\u00ebrkova zot\u00ebris\u00eb q\u00eb ndau k\u00ebt\u00eb histori me mua q\u00eb t\u2019i thoshte se sa thell\u00ebsisht e vler\u00ebsojm\u00eb sakrific\u00ebn e babait t\u00eb saj. Ky \u00ebsht\u00eb vet\u00ebm nj\u00eb shembull i sakrificave t\u00eb shumta q\u00eb kan\u00eb b\u00ebr\u00eb edhe shqiptar\u00ebt p\u00ebr t\u00eb mbrojtur lirit\u00eb tona dhe p\u00ebr t\u00eb nd\u00ebrtuar nj\u00eb bot\u00eb m\u00eb paq\u00ebsore. Jemi me fat t\u00eb kemi Aleat\u00eb si Shqip\u00ebria!<\/p>\n<p>Fal\u00eb sakrific\u00ebs s\u00eb kaq shum\u00eb amerikan\u00ebve dhe aleat\u00ebve mund t\u00eb mblidhemi sonte p\u00ebr t\u00eb festuar lirit\u00eb tona. Ne mund t\u2019i rrisim f\u00ebmij\u00ebt tan\u00eb t\u00eb sigurt p\u00ebr nj\u00eb t\u00eb ardhme ku ata do t\u00eb g\u00ebzojn\u00eb ato t\u00eb drejta t\u00eb patjet\u00ebrsueshme t\u00eb p\u00ebrjet\u00ebsuara n\u00eb Deklarat\u00ebn e Pavar\u00ebsis\u00eb, n\u00ebnshkruar 249 vjet m\u00eb par\u00eb: Jeta, liria dhe k\u00ebrkimi i lumturis\u00eb.<\/p>\n<p>Ju lutem bashkohuni me mua p\u00ebr t\u00eb nderuar k\u00ebta heronj dhe p\u00ebr t\u00eb festuar lirit\u00eb p\u00ebr t\u00eb cilat luftuan. G\u00ebzuar Dit\u00ebn e Pavar\u00ebsis\u00eb dhe faleminderit p\u00ebr partneritetin tuaj!<\/p>\n","protected":false},"excerpt":{"rendered":"<p>E Ngarkuar\u00ebs me Pun\u00eb e Shteteve t\u00eb Bashkuara n\u00eb Tiran\u00eb, Nancy VanHorn, gjat\u00eb ceremonis\u00eb p\u00ebr 249-vjetorin e Pavar\u00ebsis\u00eb s\u00eb SHBA-s\u00eb, t\u00eb organizuar nga Ambasada amerikane tha se \u201cAmerika \u00ebsht\u00eb me fat q\u00eb ka nj\u00eb aleat si Shqip\u00ebria\u201d. N\u00eb fjal\u00ebn e saj e Ngarkura me Pun\u00eb nuk p\u00ebrmendi n\u00eb asnj\u00eb rresht t\u00eb saj raportet me qeverin\u00eb &hellip;<\/p>\n","protected":false},"author":3,"featured_media":117602,"comment_status":"closed","ping_status":"closed","sticky":false,"template":"","format":"standard","meta":{"footnotes":""},"categories":[40],"tags":[],"class_list":["post-117601","post","type-post","status-publish","format-standard","has-post-thumbnail","","category-aktualitet"],"_links":{"self":[{"href":"https:\/\/rdnews.al\/index.php\/wp-json\/wp\/v2\/posts\/117601","targetHints":{"allow":["GET"]}}],"collection":[{"href":"https:\/\/rdnews.al\/index.php\/wp-json\/wp\/v2\/posts"}],"about":[{"href":"https:\/\/rdnews.al\/index.php\/wp-json\/wp\/v2\/types\/post"}],"author":[{"embeddable":true,"href":"https:\/\/rdnews.al\/index.php\/wp-json\/wp\/v2\/users\/3"}],"replies":[{"embeddable":true,"href":"https:\/\/rdnews.al\/index.php\/wp-json\/wp\/v2\/comments?post=117601"}],"version-history":[{"count":1,"href":"https:\/\/rdnews.al\/index.php\/wp-json\/wp\/v2\/posts\/117601\/revisions"}],"predecessor-version":[{"id":117603,"href":"https:\/\/rdnews.al\/index.php\/wp-json\/wp\/v2\/posts\/117601\/revisions\/117603"}],"wp:featuredmedia":[{"embeddable":true,"href":"https:\/\/rdnews.al\/index.php\/wp-json\/wp\/v2\/media\/117602"}],"wp:attachment":[{"href":"https:\/\/rdnews.al\/index.php\/wp-json\/wp\/v2\/media?parent=117601"}],"wp:term":[{"taxonomy":"category","embeddable":true,"href":"https:\/\/rdnews.al\/index.php\/wp-json\/wp\/v2\/categories?post=117601"},{"taxonomy":"post_tag","embeddable":true,"href":"https:\/\/rdnews.al\/index.php\/wp-json\/wp\/v2\/tags?post=117601"}],"curies":[{"name":"wp","href":"https:\/\/api.w.org\/{rel}","templated":true}]}}