{"id":117686,"date":"2025-06-28T21:46:15","date_gmt":"2025-06-28T21:46:15","guid":{"rendered":"https:\/\/rdnews.al\/?p=117686"},"modified":"2025-06-28T21:46:15","modified_gmt":"2025-06-28T21:46:15","slug":"protestuesit-ne-lufte-me-vucic-radikalizohet-protesta","status":"publish","type":"post","link":"https:\/\/rdnews.al\/index.php\/2025\/06\/28\/protestuesit-ne-lufte-me-vucic-radikalizohet-protesta\/","title":{"rendered":"Protestuesit n\u00eb luft\u00eb me Vu\u00e7i\u00e7, radikalizohet protesta"},"content":{"rendered":"<p>Policia ka hedhur gaz lotsjell\u00ebs drejt protestuesve q\u00eb jan\u00eb mbledhur p\u00ebrpara nj\u00eb kordoni policor af\u00ebr Presidenc\u00ebs s\u00eb Serbis\u00eb n\u00eb mbr\u00ebmjen e s\u00eb shtun\u00ebs, n\u00eb p\u00ebrfundim t\u00eb nj\u00eb proteste t\u00eb organizuar nga student\u00ebt. P\u00ebrplasje t\u00eb forta mes protestuesve dhe policis\u00eb.<\/p>\n<p>M\u00eb her\u00ebt gjat\u00eb dit\u00ebs jan\u00eb organizuar dy protesta: nj\u00ebra nga student\u00ebt q\u00eb i kan\u00eb bllokuar universitetet n\u00eb nivel shtet\u00ebror prej fundit t\u00eb vitit 2024 dhe k\u00ebrkojn\u00eb mbajtjen e zgjedhjeve t\u00eb parakohshme, dhe tjetra nga ata q\u00eb deklarojn\u00eb se e mb\u00ebshtesin presidentin e Serbis\u00eb, Aleksandar Vu\u00e7iq.<\/p>\n<p>Pasi protesta e student\u00ebve, e mbajtur n\u00eb sheshin Sllavija \u00ebsht\u00eb shpallur zyrtarisht e p\u00ebrfunduar, nj\u00eb grup i burrave t\u00eb maskuar \u00ebsht\u00eb p\u00ebrleshur me policin\u00eb n\u00eb kryeqytetin serb.<\/p>\n<p>Ata jan\u00eb par\u00eb duke hedhur shishe dhe gj\u00ebsende tjera drejt zyrtar\u00ebve policor\u00eb.<\/p>\n<p>T\u00eb pranish\u00ebm n\u00eb zon\u00ebn e protestave ka shum\u00eb zyrtar\u00eb policor\u00eb, p\u00ebrfshir\u00eb nj\u00ebsitet e xhandarm\u00ebris\u00eb.<\/p>\n<p>Ministri i Brendsh\u00ebm serb, Ivica Da\u00e7iq, i ka d\u00ebnuar ashp\u00ebr \u201csulmet e pjes\u00ebmarr\u00ebsve n\u00eb marshin n\u00eb sheshin Sllavija ndaj pjes\u00ebtar\u00ebve t\u00eb Ministris\u00eb s\u00eb Brendshme\u201d.<\/p>\n<p>Ai ka th\u00ebn\u00eb se do t\u2019i nd\u00ebrmarr\u00eb t\u00eb gjitha masat p\u00ebr t\u00eb rikthyer rendin publik dhe q\u00eb t\u00eb gjith\u00eb ata q\u00eb e kan\u00eb sulmuar policin\u00eb do t\u00eb ndiqen penalisht.<\/p>\n<div class=\"wsw__embed\">\n<figure class=\"media-image js-media-expand js-media-expand--ready\">\n<div class=\"img-wrap\">\n<div class=\"thumb\"><img loading=\"lazy\" decoding=\"async\" class=\" enhanced\" src=\"https:\/\/gdb.rferl.org\/55b55af2-2da4-4c3b-9ca7-08dda7e3555c_w650_r1_s.jpeg\" alt=\"Forcat policore n\u00eb Beograd.\" width=\"676\" height=\"381\" \/><\/div>\n<\/div><figcaption><span class=\"caption\">Forcat policore n\u00eb Beograd.<\/span><\/figcaption><\/figure>\n<\/div>\n<p>Vet\u00eb Vu\u00e7iq e ka publikuar nj\u00eb video &#8211; para se t\u00eb shp\u00ebrthente dhuna &#8211; nga Parku i Pionier\u00ebve, ku jan\u00eb mbledhur student\u00ebt pro tij, duke th\u00ebn\u00eb se \u201cbllokuesit humb\u00ebn\u201d.<\/p>\n<p>\u201cStudent\u00ebt fituan, bllokuesit humb\u00ebn. Krenar me k\u00ebta t\u00eb rinj\u201d, ka shkruar presidenti serb n\u00eb Instagram.<\/p>\n<p>Sipas tij, n\u00eb protest\u00ebn e s\u00eb shtun\u00ebs ka pasur tre her\u00eb m\u00eb pak njer\u00ebz sesa m\u00eb 15 mars, kur \u00ebsht\u00eb mbajtur nj\u00eb protest\u00eb masive.<\/p>\n<p>Sipas Vu\u00e7iqit, student\u00ebt do t\u00eb kthehen n\u00eb universitete dhe i ka fal\u00ebnderuar ata q\u00eb i kund\u00ebrshtojn\u00eb bllokadat.<\/p>\n<p>Student\u00ebt i b\u00ebjn\u00eb p\u00ebrgjegj\u00ebse institucionet p\u00ebr shembjen e nj\u00eb strehe n\u00eb stacionin hekurudhor t\u00eb Novi Sadit n\u00eb n\u00ebntorin e vitit t\u00eb kaluar, q\u00eb ka rezultuar me vdekjen e 16 personave, prandaj po k\u00ebrkojn\u00eb nga Qeveria q\u00eb t\u2019i d\u00ebrgoj\u00eb presidentit Vu\u00e7iq nj\u00eb propozim p\u00ebr shp\u00ebrndarje t\u00eb parlamentit dhe shpallje t\u00eb zgjedhjeve t\u00eb reja.<\/p>\n<p>K\u00ebrkesa e dyt\u00eb \u00ebsht\u00eb nd\u00ebrprerja e tubimit t\u00eb mb\u00ebshtet\u00ebsve t\u00eb Qeveris\u00eb, t\u00eb cil\u00ebt deklarojn\u00eb se duan t\u00eb m\u00ebsojn\u00eb. Ata u kan\u00eb th\u00ebn\u00eb ultimatum autoriteteve deri n\u00eb or\u00ebn 21:00 t\u00eb s\u00eb shtun\u00ebs q\u00eb t\u2019ua plot\u00ebsojn\u00eb k\u00ebrkesat.<\/p>\n<p>Mir\u00ebpo, Vu\u00e7iq ka th\u00ebn\u00eb m\u00eb 27 qershor se \u201cultimatumi nuk \u00ebsht\u00eb pranuar\u201d.<\/p>\n","protected":false},"excerpt":{"rendered":"<p>Policia ka hedhur gaz lotsjell\u00ebs drejt protestuesve q\u00eb jan\u00eb mbledhur p\u00ebrpara nj\u00eb kordoni policor af\u00ebr Presidenc\u00ebs s\u00eb Serbis\u00eb n\u00eb mbr\u00ebmjen e s\u00eb shtun\u00ebs, n\u00eb p\u00ebrfundim t\u00eb nj\u00eb proteste t\u00eb organizuar nga student\u00ebt. P\u00ebrplasje t\u00eb forta mes protestuesve dhe policis\u00eb. M\u00eb her\u00ebt gjat\u00eb dit\u00ebs jan\u00eb organizuar dy protesta: nj\u00ebra nga student\u00ebt q\u00eb i kan\u00eb bllokuar universitetet &hellip;<\/p>\n","protected":false},"author":3,"featured_media":117687,"comment_status":"closed","ping_status":"closed","sticky":false,"template":"","format":"standard","meta":{"footnotes":""},"categories":[38],"tags":[],"class_list":["post-117686","post","type-post","status-publish","format-standard","has-post-thumbnail","","category-bota"],"_links":{"self":[{"href":"https:\/\/rdnews.al\/index.php\/wp-json\/wp\/v2\/posts\/117686","targetHints":{"allow":["GET"]}}],"collection":[{"href":"https:\/\/rdnews.al\/index.php\/wp-json\/wp\/v2\/posts"}],"about":[{"href":"https:\/\/rdnews.al\/index.php\/wp-json\/wp\/v2\/types\/post"}],"author":[{"embeddable":true,"href":"https:\/\/rdnews.al\/index.php\/wp-json\/wp\/v2\/users\/3"}],"replies":[{"embeddable":true,"href":"https:\/\/rdnews.al\/index.php\/wp-json\/wp\/v2\/comments?post=117686"}],"version-history":[{"count":1,"href":"https:\/\/rdnews.al\/index.php\/wp-json\/wp\/v2\/posts\/117686\/revisions"}],"predecessor-version":[{"id":117688,"href":"https:\/\/rdnews.al\/index.php\/wp-json\/wp\/v2\/posts\/117686\/revisions\/117688"}],"wp:featuredmedia":[{"embeddable":true,"href":"https:\/\/rdnews.al\/index.php\/wp-json\/wp\/v2\/media\/117687"}],"wp:attachment":[{"href":"https:\/\/rdnews.al\/index.php\/wp-json\/wp\/v2\/media?parent=117686"}],"wp:term":[{"taxonomy":"category","embeddable":true,"href":"https:\/\/rdnews.al\/index.php\/wp-json\/wp\/v2\/categories?post=117686"},{"taxonomy":"post_tag","embeddable":true,"href":"https:\/\/rdnews.al\/index.php\/wp-json\/wp\/v2\/tags?post=117686"}],"curies":[{"name":"wp","href":"https:\/\/api.w.org\/{rel}","templated":true}]}}