{"id":117723,"date":"2025-06-30T08:52:30","date_gmt":"2025-06-30T08:52:30","guid":{"rendered":"https:\/\/rdnews.al\/?p=117723"},"modified":"2025-06-30T08:52:54","modified_gmt":"2025-06-30T08:52:54","slug":"gjyqi-politik-ndal-liderit-te-opozites-shtyhet-seanca-per-me-21-korrik-2","status":"publish","type":"post","link":"https:\/\/rdnews.al\/index.php\/2025\/06\/30\/gjyqi-politik-ndal-liderit-te-opozites-shtyhet-seanca-per-me-21-korrik-2\/","title":{"rendered":"Gjyqi politik ndaj liderit t\u00eb opozit\u00ebs\/ Shtyhet seanca p\u00ebr m\u00eb 21 korrik"},"content":{"rendered":"<p>\u00cbsht\u00eb shtyr\u00eb p\u00ebr me dat\u00eb 21 korrik seanca gjyq\u00ebsore n\u00eb GJKKO ndaj kreut t\u00eb opozit\u00ebs Sali Berisha q\u00eb ka t\u00eb b\u00ebj\u00eb me nj\u00eb hetim t\u00ebr\u00ebsisht politik p\u00ebr privatizimin e kompleksit \u201cPartizani\u201d.<\/p>\n<p>Shkaku i shtyrjes s\u00eb seanc\u00ebs m\u00ebsohet se \u00ebsht\u00eb pasi Fatmir Bektashi nuk u paraqit p\u00ebr arsye sh\u00ebndet\u00ebsore dhe Berisha nuk \u00ebsht\u00eb njoftuar sipas ligjit.<\/p>\n<p>N\u00eb seanc\u00eb kan\u00eb munguar Andia Pustina dhe Fatmir Bektashi t\u00eb cil\u00ebt p\u00ebrfaq\u00ebsoheshin nga avokat\u00ebt. Berisha \u00ebsht\u00eb p\u00ebrfaq\u00ebsuar n\u00eb gjykim nga avokat\u00ebt Genc Gjokutaj dhe Klodiana Ggjyzari.<\/p>\n<p><strong>Avokataj e Berish\u00ebs, Klodiana Gjyzari:\u00a0<\/strong><\/p>\n<p>Njoftimi ka shkuar dit\u00ebn e premte p\u00ebr Berish\u00ebn, \u00ebsht\u00eb firmosur nga Malltezi. Koha ka qen\u00eb e shkurt\u00ebr p\u00ebr tu njoftuar sipas shpjegimit q\u00eb dha Malltezi. Edhe ne nuk kemi patur kontakte gjat\u00eb k\u00ebsaj kohe.<\/p>\n<p>Arben Kraja k\u00ebrkoi shtyrjen e seanc\u00ebs pasi nuk \u00ebsht\u00eb b\u00ebr\u00eb njoftimi sipas ligjit p\u00ebr Berish\u00ebn dhe \u201cHomplan\u201d.<\/p>\n<p>Prokuroria p\u00ebrfaq\u00ebsohet nga prokurori Arben Kraja dhe Enkelejda Millonai e cila nuk u paraqit p\u00ebr arsye sh\u00ebndet\u00ebsore.<\/p>\n<p>Seanca e radh\u00ebs n\u00eb dat\u00eb 21 korrik ora 10:30.<\/p>\n","protected":false},"excerpt":{"rendered":"<p>\u00cbsht\u00eb shtyr\u00eb p\u00ebr me dat\u00eb 21 korrik seanca gjyq\u00ebsore n\u00eb GJKKO ndaj kreut t\u00eb opozit\u00ebs Sali Berisha q\u00eb ka t\u00eb b\u00ebj\u00eb me nj\u00eb hetim t\u00ebr\u00ebsisht politik p\u00ebr privatizimin e kompleksit \u201cPartizani\u201d. Shkaku i shtyrjes s\u00eb seanc\u00ebs m\u00ebsohet se \u00ebsht\u00eb pasi Fatmir Bektashi nuk u paraqit p\u00ebr arsye sh\u00ebndet\u00ebsore dhe Berisha nuk \u00ebsht\u00eb njoftuar sipas ligjit. &hellip;<\/p>\n","protected":false},"author":4,"featured_media":115574,"comment_status":"closed","ping_status":"closed","sticky":false,"template":"","format":"standard","meta":{"footnotes":""},"categories":[37],"tags":[],"class_list":["post-117723","post","type-post","status-publish","format-standard","has-post-thumbnail","","category-politike"],"_links":{"self":[{"href":"https:\/\/rdnews.al\/index.php\/wp-json\/wp\/v2\/posts\/117723","targetHints":{"allow":["GET"]}}],"collection":[{"href":"https:\/\/rdnews.al\/index.php\/wp-json\/wp\/v2\/posts"}],"about":[{"href":"https:\/\/rdnews.al\/index.php\/wp-json\/wp\/v2\/types\/post"}],"author":[{"embeddable":true,"href":"https:\/\/rdnews.al\/index.php\/wp-json\/wp\/v2\/users\/4"}],"replies":[{"embeddable":true,"href":"https:\/\/rdnews.al\/index.php\/wp-json\/wp\/v2\/comments?post=117723"}],"version-history":[{"count":2,"href":"https:\/\/rdnews.al\/index.php\/wp-json\/wp\/v2\/posts\/117723\/revisions"}],"predecessor-version":[{"id":117725,"href":"https:\/\/rdnews.al\/index.php\/wp-json\/wp\/v2\/posts\/117723\/revisions\/117725"}],"wp:featuredmedia":[{"embeddable":true,"href":"https:\/\/rdnews.al\/index.php\/wp-json\/wp\/v2\/media\/115574"}],"wp:attachment":[{"href":"https:\/\/rdnews.al\/index.php\/wp-json\/wp\/v2\/media?parent=117723"}],"wp:term":[{"taxonomy":"category","embeddable":true,"href":"https:\/\/rdnews.al\/index.php\/wp-json\/wp\/v2\/categories?post=117723"},{"taxonomy":"post_tag","embeddable":true,"href":"https:\/\/rdnews.al\/index.php\/wp-json\/wp\/v2\/tags?post=117723"}],"curies":[{"name":"wp","href":"https:\/\/api.w.org\/{rel}","templated":true}]}}