{"id":117726,"date":"2025-06-30T08:57:07","date_gmt":"2025-06-30T08:57:07","guid":{"rendered":"https:\/\/rdnews.al\/?p=117726"},"modified":"2025-06-30T08:57:38","modified_gmt":"2025-06-30T08:57:38","slug":"flet-ish-keshilltari-i-trump-non-grata-e-berishes-vendim-i-ndikuar-politikisht-duhet-te-rishihet","status":"publish","type":"post","link":"https:\/\/rdnews.al\/index.php\/2025\/06\/30\/flet-ish-keshilltari-i-trump-non-grata-e-berishes-vendim-i-ndikuar-politikisht-duhet-te-rishihet\/","title":{"rendered":"Flet ish-k\u00ebshilltari i Trump: &#8220;Non grata&#8221; ndaj Berish\u00ebs vendim i ndikuar politikisht, duhet t\u00eb rishihet!"},"content":{"rendered":"<p>Ish-k\u00ebshilltari i Trump p\u00ebr Sigurin\u00eb, John Bolton \u00ebsht\u00eb shprehur se, vendimi p\u00ebr shpalljen non grata t\u00eb Sali Berish\u00ebs nga Departamenti Amerikan i Shtetit ka qen\u00eb i nxituar.<\/p>\n<p>Bolton n\u00eb nj\u00eb intervist\u00eb n\u00eb \u201cOff the Record\u201d tha se, ky vendim \u00ebsht\u00eb i ndikuar politikisht dhe duhet t\u00eb rishihet.<\/p>\n<p>\u201cK\u00ebto vendime kan\u00eb qen\u00eb subjekte t\u00eb ndikimeve politike. Un\u00eb mendoj q\u00eb duhet rishikuar nuk e di deri n\u00eb \u00e7mas\u00eb duhet t\u00eb shkoj\u00eb por dhe mendoj se nuk ishte i duhur dhe duhet t\u00eb rishihet,\u201d\u00a0u shpreh ai. Bolton shtoi duhet t\u00eb gjendet nj\u00eb zgjidhje e shpejt\u00eb p\u00ebr k\u00ebt\u00eb vendim.<\/p>\n<p>\u201cMendoj q\u00eb \u00ebsht\u00eb pak nga t\u00eb dyja shpresoj t\u00eb kthehesha mbrapa dhe ta rib\u00ebja kjo \u00ebsht\u00eb e pamundur por por shpresoj q\u00eb t\u00eb gjem\u00eb zgjidhje t\u00eb shpejt\u00eb dhe t\u00eb kemi nj\u00eb sjellje normale\u201d,\u00a0theksoi ai.<\/p>\n","protected":false},"excerpt":{"rendered":"<p>Ish-k\u00ebshilltari i Trump p\u00ebr Sigurin\u00eb, John Bolton \u00ebsht\u00eb shprehur se, vendimi p\u00ebr shpalljen non grata t\u00eb Sali Berish\u00ebs nga Departamenti Amerikan i Shtetit ka qen\u00eb i nxituar. Bolton n\u00eb nj\u00eb intervist\u00eb n\u00eb \u201cOff the Record\u201d tha se, ky vendim \u00ebsht\u00eb i ndikuar politikisht dhe duhet t\u00eb rishihet. \u201cK\u00ebto vendime kan\u00eb qen\u00eb subjekte t\u00eb ndikimeve politike. &hellip;<\/p>\n","protected":false},"author":4,"featured_media":117727,"comment_status":"closed","ping_status":"closed","sticky":false,"template":"","format":"standard","meta":{"footnotes":""},"categories":[37],"tags":[],"class_list":["post-117726","post","type-post","status-publish","format-standard","has-post-thumbnail","","category-politike"],"_links":{"self":[{"href":"https:\/\/rdnews.al\/index.php\/wp-json\/wp\/v2\/posts\/117726","targetHints":{"allow":["GET"]}}],"collection":[{"href":"https:\/\/rdnews.al\/index.php\/wp-json\/wp\/v2\/posts"}],"about":[{"href":"https:\/\/rdnews.al\/index.php\/wp-json\/wp\/v2\/types\/post"}],"author":[{"embeddable":true,"href":"https:\/\/rdnews.al\/index.php\/wp-json\/wp\/v2\/users\/4"}],"replies":[{"embeddable":true,"href":"https:\/\/rdnews.al\/index.php\/wp-json\/wp\/v2\/comments?post=117726"}],"version-history":[{"count":2,"href":"https:\/\/rdnews.al\/index.php\/wp-json\/wp\/v2\/posts\/117726\/revisions"}],"predecessor-version":[{"id":117729,"href":"https:\/\/rdnews.al\/index.php\/wp-json\/wp\/v2\/posts\/117726\/revisions\/117729"}],"wp:featuredmedia":[{"embeddable":true,"href":"https:\/\/rdnews.al\/index.php\/wp-json\/wp\/v2\/media\/117727"}],"wp:attachment":[{"href":"https:\/\/rdnews.al\/index.php\/wp-json\/wp\/v2\/media?parent=117726"}],"wp:term":[{"taxonomy":"category","embeddable":true,"href":"https:\/\/rdnews.al\/index.php\/wp-json\/wp\/v2\/categories?post=117726"},{"taxonomy":"post_tag","embeddable":true,"href":"https:\/\/rdnews.al\/index.php\/wp-json\/wp\/v2\/tags?post=117726"}],"curies":[{"name":"wp","href":"https:\/\/api.w.org\/{rel}","templated":true}]}}