{"id":117730,"date":"2025-06-30T09:04:51","date_gmt":"2025-06-30T09:04:51","guid":{"rendered":"https:\/\/rdnews.al\/?p=117730"},"modified":"2025-06-30T09:04:51","modified_gmt":"2025-06-30T09:04:51","slug":"malltezi-i-vetmi-dem-ekonomik-nga-ky-proces-eshte-shkaktuar-nga-edi-rama-spak-nuk-guxon-ti-permende-emrin","status":"publish","type":"post","link":"https:\/\/rdnews.al\/index.php\/2025\/06\/30\/malltezi-i-vetmi-dem-ekonomik-nga-ky-proces-eshte-shkaktuar-nga-edi-rama-spak-nuk-guxon-ti-permende-emrin\/","title":{"rendered":"Malltezi: I vetmi d\u00ebm ekonomik nga ky proces \u00ebsht\u00eb shkaktuar nga Edi Rama, SPAK nuk guxon t\u2019i p\u00ebrmend\u00eb emrin&#8230;"},"content":{"rendered":"<p>Sot n\u00eb Gjykat\u00ebn e Posa\u00e7me procesi gjyq\u00ebsor ndaj kryetarit t\u00eb Partis\u00eb Demokratike, Sali Berisha, dhe dh\u00ebndrit t\u00eb tij, Jamarb\u00ebr Malltezi, lidhur me dosjen \u201cPartizani\u201d.<\/p>\n<p>Jasht\u00eb ambienteve t\u00eb SPAK-ut, Malltezi ka deklaruar se shpreh q\u00ebndrimin e tij mbi k\u00ebt\u00eb \u00e7\u00ebshtje.<\/p>\n<p>Malltezi ka theksuar se kan\u00eb komunitetin n\u00eb duk\u00eb dhe investuar duk\u00eb qytetit kopshtin, \u00e7erdhen dhe parkun m\u00eb t\u00eb madh, gjithmon\u00eb pa asnj\u00eb banor dhe duke l\u00ebn\u00eb edhe tok\u00eb p\u00ebr nj\u00eb gjimnaz.<\/p>\n<p>Ai ka akuzuar politikan\u00eb dhe shtetin p\u00ebr vonesa dhe keqmenaxhim n\u00eb njoftimin e Berish\u00ebs dhe e ka sipas k\u00ebtij procesi si nj\u00eb tjet\u00ebr, duke th\u00ebn\u00eb se do t\u00eb p\u00ebrballen me k\u00ebt\u00eb dhe me Edi Ram\u00ebn q\u00eb tij \u201cvjedh ja fal v\u00ebllait t\u00eb tij\u201d.<\/p>\n<p><strong>Pjesa nga deklarata:<\/strong><\/p>\n<p>Jemi krenar\u00eb se kemi ton\u00ebn e kemi n\u00eb respekt t\u00eb t\u00eb par\u00ebve tan\u00eb dhe na e vodh\u00ebn k\u00ebta hajdut\u00eb, por pa cenuar t\u00eb drejt\u00ebn e asnj\u00eb banori informal.<\/p>\n<p>Duke mbajtur kujdesin e 42 familjeve q\u00eb jetonin n\u00eb kushtet e vendosjes, t\u00eb cilat i kishin lejuar hajdut\u00ebt e klubeve.<\/p>\n<p>Kemivendosjen ton\u00eb me shum\u00eb dashuri, nuk kemi b\u00ebr\u00eb grata\u00e7ela, por k\u00ebta vjedhin edhe detin, edhe ajrin, edhe diellin, si\u00e7 b\u00ebn Edi Rama.<\/p>\n<p>E kemi b\u00ebr\u00eb me arkitekt\u00ebt m\u00eb t\u00eb mir\u00eb t\u00eb mundsh\u00ebm, i kemi falur Tiran\u00ebs kopshtin dhe \u00e7erdhen m\u00eb t\u00eb mir\u00eb, duke i falur tok\u00ebs e pjes\u00eb nga investimi yn\u00eb, i cili ka kushtuar mbi 1 milion euro \u2013 dhe nuk jemi krenar\u00eb sepse kemi krijuar parkun m\u00eb t\u00eb madh t\u00eb qytetit.<\/p>\n<p>K\u00ebto na b\u00ebjn\u00eb krenar\u00eb sepse kemi b\u00ebr\u00eb q\u00eb t\u00eb mos ket\u00eb asnj\u00eb banor, kemi mbetur edhe tok\u00eb p\u00ebr gjirin dhe nuk jemi t\u00eb p\u00ebrballemi me k\u00ebt\u00eb gj\u00eb q\u00eb ka filluar sot dhe t\u00eb b\u00ebj\u00eb t\u00eb gjith\u00eb.<\/p>\n<p>Njoftimi p\u00ebr z. Berisha ka ardhur t\u00eb premten dhe ne shikojm\u00eb q\u00eb n\u00eb k\u00ebt\u00eb moment shteti b\u00ebn fars\u00eb \u2013 politika e kishte njoftimin q\u00eb para dy jav\u00ebsh, por zgjodhi ta b\u00ebj\u00eb t\u00eb premten.<\/p>\n<p>pari, politika e shtetit kishte dy koh\u00eb p\u00ebr t\u00eb sjell\u00eb k\u00ebt\u00eb njoftim, por policia ka g\u00ebnjyer dhe ka sjell\u00eb vet\u00ebm 3 dit\u00eb para. Sipas Kodit t\u00eb Procedur\u00ebs, duhet ta sillte 10 dit\u00eb para.<\/p>\n<p>dyti, nuk p\u00ebrballemi me Ram\u00ebn, nuk jemi krenar\u00eb q\u00eb kemi mbajtur ton\u00ebn, nuk jemi si Rama q\u00eb vjedh dhe ja fal v\u00ebllait t\u00eb tij e merr pjes\u00eb nga aty.<\/p>\n<p>Tham\u00eb se prona ishte shpron\u00ebsuar, tani thon\u00eb se jo. Nuk del dokumenti se si e ka marr\u00eb shteti \u2013 shteti \u00ebsht\u00eb futur hajdut. Than\u00eb se, \u201cne mendojm\u00eb se ka b\u00ebr\u00eb ligji apo VKM nominative Berisha\u201d, por sot asnj\u00eb nuk \u00ebsht\u00eb.<\/p>\n<p>Asnj\u00eb nuk kan\u00eb \u00e7uar n\u00eb Gjykat\u00ebn Kushtetuese, e cila ka tagrin p\u00ebr t\u00eb par\u00eb a \u00ebsht\u00eb jonominative apo jo \u2013 si\u00e7 b\u00ebri p\u00ebr ligjin p\u00ebr teatrin, apo 4 VKM-t\u00eb p\u00ebr Bolinon.<\/p>\n<p>Tham\u00eb se ishte n\u00eb planin e p\u00ebrhapjes, ku del se vet\u00eb OPGJ e veta thon\u00eb se jo, nuk ishte n\u00eb planin e p\u00ebrhapjes \u2013 e bukura \u00ebsht\u00eb se bazat detare ushtarake jan\u00eb n\u00eb planin e p\u00ebrhapjes, i ka vjedhur Edi Rama, por ai \u00ebsht\u00eb k\u00ebtu \u2013 ka ligje t\u00eb tjera p\u00ebr t\u00eb.<\/p>\n<p>S\u00eb kat\u00ebrti, tha se ndryshimet e ligjit p\u00ebr destinacionin i ka b\u00ebr\u00eb Berisha, jo! I ka b\u00ebr\u00eb Rama. Ka b\u00ebr\u00eb 11 ndryshim destinacioni Rama n\u00eb 2006.<\/p>\n","protected":false},"excerpt":{"rendered":"<p>Sot n\u00eb Gjykat\u00ebn e Posa\u00e7me procesi gjyq\u00ebsor ndaj kryetarit t\u00eb Partis\u00eb Demokratike, Sali Berisha, dhe dh\u00ebndrit t\u00eb tij, Jamarb\u00ebr Malltezi, lidhur me dosjen \u201cPartizani\u201d. Jasht\u00eb ambienteve t\u00eb SPAK-ut, Malltezi ka deklaruar se shpreh q\u00ebndrimin e tij mbi k\u00ebt\u00eb \u00e7\u00ebshtje. Malltezi ka theksuar se kan\u00eb komunitetin n\u00eb duk\u00eb dhe investuar duk\u00eb qytetit kopshtin, \u00e7erdhen dhe parkun &hellip;<\/p>\n","protected":false},"author":4,"featured_media":88776,"comment_status":"closed","ping_status":"closed","sticky":false,"template":"","format":"standard","meta":{"footnotes":""},"categories":[37],"tags":[],"class_list":["post-117730","post","type-post","status-publish","format-standard","has-post-thumbnail","","category-politike"],"_links":{"self":[{"href":"https:\/\/rdnews.al\/index.php\/wp-json\/wp\/v2\/posts\/117730","targetHints":{"allow":["GET"]}}],"collection":[{"href":"https:\/\/rdnews.al\/index.php\/wp-json\/wp\/v2\/posts"}],"about":[{"href":"https:\/\/rdnews.al\/index.php\/wp-json\/wp\/v2\/types\/post"}],"author":[{"embeddable":true,"href":"https:\/\/rdnews.al\/index.php\/wp-json\/wp\/v2\/users\/4"}],"replies":[{"embeddable":true,"href":"https:\/\/rdnews.al\/index.php\/wp-json\/wp\/v2\/comments?post=117730"}],"version-history":[{"count":1,"href":"https:\/\/rdnews.al\/index.php\/wp-json\/wp\/v2\/posts\/117730\/revisions"}],"predecessor-version":[{"id":117731,"href":"https:\/\/rdnews.al\/index.php\/wp-json\/wp\/v2\/posts\/117730\/revisions\/117731"}],"wp:featuredmedia":[{"embeddable":true,"href":"https:\/\/rdnews.al\/index.php\/wp-json\/wp\/v2\/media\/88776"}],"wp:attachment":[{"href":"https:\/\/rdnews.al\/index.php\/wp-json\/wp\/v2\/media?parent=117730"}],"wp:term":[{"taxonomy":"category","embeddable":true,"href":"https:\/\/rdnews.al\/index.php\/wp-json\/wp\/v2\/categories?post=117730"},{"taxonomy":"post_tag","embeddable":true,"href":"https:\/\/rdnews.al\/index.php\/wp-json\/wp\/v2\/tags?post=117730"}],"curies":[{"name":"wp","href":"https:\/\/api.w.org\/{rel}","templated":true}]}}