{"id":117740,"date":"2025-06-30T09:45:02","date_gmt":"2025-06-30T09:45:02","guid":{"rendered":"https:\/\/rdnews.al\/?p=117740"},"modified":"2025-06-30T09:45:02","modified_gmt":"2025-06-30T09:45:02","slug":"rama-shpall-investitor-strategjik-edhe-ildkp-i-jep-1-5-milion-euro-per-kulle-ne-qender-te-tiranes","status":"publish","type":"post","link":"https:\/\/rdnews.al\/index.php\/2025\/06\/30\/rama-shpall-investitor-strategjik-edhe-ildkp-i-jep-1-5-milion-euro-per-kulle-ne-qender-te-tiranes\/","title":{"rendered":"Rama shpall \u201cinvestitor strategjik\u201d edhe ILDKP, i jep 1.5 milion euro p\u00ebr kull\u00eb n\u00eb qend\u00ebr t\u00eb Tiran\u00ebs"},"content":{"rendered":"<p>Nga\u00a0<strong>Boldnews.al<\/strong><\/p>\n<p>N\u00eb nj\u00eb koh\u00eb q\u00eb K\u00ebshilli i Lart\u00eb Gjyq\u00ebsor dhe Prokuroria e P\u00ebrgjithshme presin m\u00eb kot prej mbi dy vitesh q\u00eb t\u00eb marrin fond nga qeveria p\u00ebr t\u00eb sistemuar infrastruktur\u00ebn e Gjykat\u00ebs s\u00eb vetme t\u00eb Apelit n\u00eb vend, kryeministri Edi Rama duket se ka prioritete t\u00eb tjera.<\/p>\n<p>I gjith\u00ebpushtetsh\u00ebm, me portofolin e Shqip\u00ebris\u00eb n\u00eb duart e tij, Rama ka vendosur t\u00eb shpall\u00eb nj\u00eb lloj \u201cinvestitori strategjik\u201d Inspektoratin e Lart\u00eb t\u00eb Deklarimit e Kontrollit t\u00eb Pasurive dhe Konfliktit t\u00eb Interesave (ILDKPKI) duke i dh\u00ebn\u00eb rreth 1.5 milion\u00eb euro p\u00ebr nd\u00ebrtimin e nj\u00eb kulle 7-kat\u00ebshe n\u00eb qend\u00ebr t\u00eb Tiran\u00ebs.<\/p>\n<p>ILDKPKI \u00ebsht\u00eb institucioni q\u00eb duhet t\u00eb verifikoj\u00eb pasurit\u00eb e zyrtar\u00ebve t\u00eb lart\u00eb, p\u00ebrfshir\u00eb qeveritar\u00ebt, deputet\u00ebt, ministrat, kryebashkiak\u00ebt e t\u00eb tjer\u00eb, si edhe t\u00eb zbuloj\u00eb konfliktin e interesave t\u00eb k\u00ebsaj kaste t\u00eb lart\u00eb shtet\u00ebrore.<\/p>\n<p>Prej shum\u00eb vitesh, ILDKPKI ka shk\u00eblqyer \u201cme munges\u00ebn e rezultateve\u201d, duke mos i krijuar asnj\u00eb lloj kok\u00eb\u00e7arjeje kryeministrit Rama dhe oborrtar\u00ebve q\u00eb vijn\u00eb rrotull pushtetit t\u00eb tij.<\/p>\n<figure id=\"attachment_1568797\" class=\"wp-caption alignnone\" aria-describedby=\"caption-attachment-1568797\"><img loading=\"lazy\" decoding=\"async\" class=\"size-medium wp-image-1568797\" src=\"https:\/\/boldnews.al\/wp-content\/uploads\/2025\/06\/WhatsApp-Image-2025-06-30-at-11.23.18-AM-640x421.jpeg\" sizes=\"auto, (max-width: 640px) 100vw, 640px\" srcset=\"https:\/\/boldnews.al\/wp-content\/uploads\/2025\/06\/WhatsApp-Image-2025-06-30-at-11.23.18-AM-640x421.jpeg 640w, https:\/\/boldnews.al\/wp-content\/uploads\/2025\/06\/WhatsApp-Image-2025-06-30-at-11.23.18-AM.jpeg 672w\" alt=\"\" width=\"640\" height=\"421\" data-pin-no-hover=\"true\" \/><figcaption id=\"caption-attachment-1568797\" class=\"wp-caption-text\">N\u00eb foto: Kryeinspektorja e Pasurive, Evgjeni Bashari dhe Ministri i Drejt\u00ebsis\u00eb, Ulsi Manja<\/figcaption><\/figure>\n<p>N\u00eb k\u00ebmbim, me an\u00ebn e nj\u00eb lloji \u201cpakti heshtjeje\u201d, kryeministri ka vendosur t\u00eb shp\u00ebrblej\u00eb institucionin q\u00eb duhet por nuk ka guxuar t\u00eb prek\u00eb pasurit\u00eb e politikan\u00ebve t\u00eb lart\u00eb, t\u00eb cilat, shpesh, habisin opinionin publik me leht\u00ebsin\u00eb e shum\u00ebfishimit t\u00eb tyre.<\/p>\n<p>\u201cDhurata\u201d e kryeministrit Edi Rama p\u00ebr Inspektoratin e Deklarimit t\u00eb Pasurive, t\u00eb drejtuar nga Evgjeni Bashari, \u00ebsht\u00eb nj\u00eb nd\u00ebrtes\u00eb e re shtat\u00eb-kat\u00ebshe, e cila pritet t\u00eb p\u00ebrmir\u00ebsoj\u00eb kushtet e pun\u00ebs s\u00eb palodhur t\u00eb 28 inspektor\u00ebve t\u00eb lart\u00eb dhe rreth 50 t\u00eb tjer\u00ebve q\u00eb g\u00eblojn\u00eb n\u00eb administrat\u00ebn e atij institucioni.<\/p>\n<p><strong>Kull\u00eb p\u00ebr Deklarimin e Pasurive<\/strong><\/p>\n<p>N\u00eb 19 Shkurt 2025, K\u00ebshilli Komb\u00ebtar i Territorit (KKT), n\u00ebn drejtimin e kryeministrit Edi Rama, miratoi vendimin nr. 8, me objekt: \u201c<em>Miratimin e lejes s\u00eb nd\u00ebrtimit p\u00ebr \u2018rikonstruksionin dhe shtes\u00eb 1 kat mbi objektin ekzistues 6 kat, shtes\u00eb an\u00ebsore 7 kate me 1 kat n\u00ebntok\u00eb, i godin\u00ebs s\u00eb ILDKPKI<\/em>\u201d.<\/p>\n<figure id=\"attachment_1568799\" class=\"wp-caption alignnone\" aria-describedby=\"caption-attachment-1568799\"><img loading=\"lazy\" decoding=\"async\" class=\"size-medium wp-image-1568799\" src=\"https:\/\/boldnews.al\/wp-content\/uploads\/2025\/06\/WhatsApp-Image-2025-06-30-at-11.24.12-AM-640x895.jpeg\" sizes=\"auto, (max-width: 640px) 100vw, 640px\" srcset=\"https:\/\/boldnews.al\/wp-content\/uploads\/2025\/06\/WhatsApp-Image-2025-06-30-at-11.24.12-AM-640x895.jpeg 640w, https:\/\/boldnews.al\/wp-content\/uploads\/2025\/06\/WhatsApp-Image-2025-06-30-at-11.24.12-AM-360x504.jpeg 360w, https:\/\/boldnews.al\/wp-content\/uploads\/2025\/06\/WhatsApp-Image-2025-06-30-at-11.24.12-AM.jpeg 650w\" alt=\"\" width=\"640\" height=\"895\" data-pin-no-hover=\"true\" \/><figcaption id=\"caption-attachment-1568799\" class=\"wp-caption-text\">N\u00eb foto: Vendimi i K\u00ebshillit t\u00eb Rregullimit t\u00eb Territorit p\u00ebr rikonstruksionin e godin\u00ebs s\u00eb ILDKPKI<\/figcaption><\/figure>\n<p>Nd\u00ebrtesa ekzistuese e institucionit gjendet n\u00eb rrug\u00ebn \u201cReshit \u00c7ollaku\u201d, thuajse n\u00eb qend\u00ebr t\u00eb Tiran\u00ebs, e rrethuar nga Gjykata e Lart\u00eb dhe Drejtoria e P\u00ebrgjithshme e Post\u00ebs Shqiptare.<\/p>\n<p>Vendi \u00ebsht\u00eb strategjik dhe tep\u00ebr i lakmuar p\u00ebr zyrtar\u00eb shtet\u00ebror\u00eb. Por, duket se stafi i ILDKPKI-s\u00eb nuk ka qen\u00eb shum\u00eb i k\u00ebnaqur me kushtet e zyrave, edhe pse ato jan\u00eb nd\u00ebrtuar vet\u00ebm pak vite m\u00eb par\u00eb.<\/p>\n<p>\u201cSh\u00ebrbimi\u201d me heshtje q\u00eb i kan\u00eb ofruar qeveris\u00eb, natyrisht, do t\u00eb donte shp\u00ebrblimin e vet\u00eb. P\u00ebr ato institucione, t\u00eb cilat ligji i konsideron si \u201ct\u00eb pavarura\u201d, por q\u00eb tregohen shum\u00eb \u201cdashamir\u00ebse\u201d me pushtetin e tij, kryeministri Rama tregohet i pakursyer.<\/p>\n<p>Godina aktuale e Inspektoratit t\u00eb Deklarimit t\u00eb Pasurive \u00ebsht\u00eb e p\u00ebrb\u00ebr\u00eb nga dy pjes\u00eb. Nj\u00ebra, m\u00eb e ulta, ka qen\u00eb nj\u00eb nd\u00ebrtes\u00eb e vjet\u00ebr, 4-kat\u00ebshe, e rikonstruktuar t\u00ebr\u00ebsisht n\u00eb vitet 2004-2005. Gjat\u00eb k\u00ebtij rikonstruksioni, godin\u00ebs ekzistuese iu shtua edhe nj\u00eb nd\u00ebrtes\u00eb e re, 6 kate, duke krijuar nj\u00eb kompleks sa interesant, aq edhe funksional p\u00ebr stafin e institucionit.<\/p>\n<p>Por, duket se kaq nuk ka mjaftuar. Njer\u00ebzit q\u00eb duhet t\u00eb verifikojn\u00eb pasurit\u00eb e zyrtar\u00ebve t\u00eb lart\u00eb duhet t\u00eb ndihen akoma m\u00eb komod n\u00eb zyrat e tyre.<\/p>\n<figure id=\"attachment_1568800\" class=\"wp-caption alignnone\" aria-describedby=\"caption-attachment-1568800\"><img loading=\"lazy\" decoding=\"async\" class=\"size-medium wp-image-1568800\" src=\"https:\/\/boldnews.al\/wp-content\/uploads\/2025\/06\/WhatsApp-Image-2025-06-30-at-11.23.19-AM-640x425.jpeg\" sizes=\"auto, (max-width: 640px) 100vw, 640px\" srcset=\"https:\/\/boldnews.al\/wp-content\/uploads\/2025\/06\/WhatsApp-Image-2025-06-30-at-11.23.19-AM-640x425.jpeg 640w, https:\/\/boldnews.al\/wp-content\/uploads\/2025\/06\/WhatsApp-Image-2025-06-30-at-11.23.19-AM-1280x851.jpeg 1280w, https:\/\/boldnews.al\/wp-content\/uploads\/2025\/06\/WhatsApp-Image-2025-06-30-at-11.23.19-AM-1024x680.jpeg 1024w, https:\/\/boldnews.al\/wp-content\/uploads\/2025\/06\/WhatsApp-Image-2025-06-30-at-11.23.19-AM-750x498.jpeg 750w, https:\/\/boldnews.al\/wp-content\/uploads\/2025\/06\/WhatsApp-Image-2025-06-30-at-11.23.19-AM-1140x757.jpeg 1140w, https:\/\/boldnews.al\/wp-content\/uploads\/2025\/06\/WhatsApp-Image-2025-06-30-at-11.23.19-AM.jpeg 1362w\" alt=\"\" width=\"640\" height=\"425\" data-pin-no-hover=\"true\" \/><figcaption id=\"caption-attachment-1568800\" class=\"wp-caption-text\">N\u00eb foto: Projekti i shtes\u00ebs 7-kat\u00ebshe p\u00ebr ILDKPKI<\/figcaption><\/figure>\n<p>P\u00ebr k\u00ebt\u00eb mendoi kryeministri Rama, i cili, krahas lejes s\u00eb nd\u00ebrtimit, miratoi n\u00ebp\u00ebrmjet maxhoranc\u00ebs s\u00eb tij parlamentare edhe fondin prej m\u00eb shum\u00eb se 1.8 miliard\u00eb lek\u00eb t\u00eb vjetra (ose 1.8 milion\u00eb euro), p\u00ebr rikonstruksionin e godin\u00ebs.<\/p>\n<p>N\u00eb letra sh\u00ebnohet \u201crikonstruksion\u201d, por n\u00eb fakt b\u00ebhet fjal\u00eb p\u00ebr nj\u00eb nd\u00ebrtim t\u00ebr\u00ebsisht t\u00eb ri, me 7 kate mbi tok\u00eb.<\/p>\n<p><strong>Tenderi 1.8 mln euro<\/strong><\/p>\n<p>N\u00eb dat\u00eb 2 Qershor 2025, Inspektorati i Deklarimit t\u00eb Pasurive shpall tenderin me objekt \u201c<em>Shtes\u00eb kati dhe rikonstruksion i godin\u00ebs s\u00eb ILDKPKI<\/em>\u201d. Fondi limit ishte 180.016.584 lek\u00eb t\u00eb reja.<\/p>\n<p>Kjo procedur\u00eb e ndjekur nga Sekretari i P\u00ebrgjithsh\u00ebm i institucionit, Arb\u00ebr Basholli, anulohet brenda dy jav\u00ebsh, p\u00ebr shkak se \u201c<em>u konstatua se dokumentat e tenderit p\u00ebrmbanin gabime ose mang\u00ebsi t\u00eb r\u00ebnd\u00ebsishme<\/em>\u201d.<\/p>\n<div class=\"jeg_ad jeg_ad_article jnews_content_inline_3_ads  \">\n<div class=\"ads-wrapper align-center \">\n<div class=\"ads_code\">\n<div class=\"desktopi\" align=\"center\"><ins id=\"revive-0-2\" data-revive-zoneid=\"138\" data-revive-id=\"2581c650fb61ab0cf7e084114e7ddb41\" data-revive-seq=\"2\" data-revive-loaded=\"1\"><\/p>\n<div id=\"beacon_cf45796a0a\"><img loading=\"lazy\" decoding=\"async\" src=\"https:\/\/ads.adsense.al\/www\/delivery\/lg.php?bannerid=0&amp;campaignid=0&amp;zoneid=138&amp;loc=https%3A%2F%2Fboldnews.al%2F2025%2F06%2F30%2Frama-shpall-investitor-strategjik-edhe-ildkp-i-jep-1-5-mln-euro-per-kulle-ne-qender-te-tiranes%2F&amp;referer=https%3A%2F%2Fboldnews.al%2Fcategory%2Faktualitet%2F&amp;cb=cf45796a0a\" alt=\"\" width=\"0\" height=\"0\" \/><\/div>\n<p><\/ins><\/div>\n<\/div>\n<\/div>\n<\/div>\n<figure id=\"attachment_1568801\" class=\"wp-caption alignnone\" aria-describedby=\"caption-attachment-1568801\"><img loading=\"lazy\" decoding=\"async\" class=\"size-medium wp-image-1568801\" src=\"https:\/\/boldnews.al\/wp-content\/uploads\/2025\/06\/WhatsApp-Image-2025-06-30-at-11.23.18-AM-1-640x492.jpeg\" sizes=\"auto, (max-width: 640px) 100vw, 640px\" srcset=\"https:\/\/boldnews.al\/wp-content\/uploads\/2025\/06\/WhatsApp-Image-2025-06-30-at-11.23.18-AM-1-640x492.jpeg 640w, https:\/\/boldnews.al\/wp-content\/uploads\/2025\/06\/WhatsApp-Image-2025-06-30-at-11.23.18-AM-1-750x577.jpeg 750w, https:\/\/boldnews.al\/wp-content\/uploads\/2025\/06\/WhatsApp-Image-2025-06-30-at-11.23.18-AM-1.jpeg 883w\" alt=\"\" width=\"640\" height=\"492\" data-pin-no-hover=\"true\" \/><figcaption id=\"caption-attachment-1568801\" class=\"wp-caption-text\">N\u00eb foto: ILDKPKI anuloi tenderin e par\u00eb me fond 1.8 mln euro<\/figcaption><\/figure>\n<p>Duket se k\u00ebto gabime u riparuan shum\u00eb shpejt, pasi ILDKPKI shpalli n\u00eb 20 Qershor 2025 t\u00eb nj\u00ebjtin tender, me t\u00eb nj\u00ebjtin objekt dhe fond limit.<\/p>\n<p><strong><em>\u201cBoldnews.al\u201d<\/em><\/strong>\u00a0shqyrtoi dokumentat e tenderit dhe konstatoi nj\u00eb lloj \u201canomalie\u201d t\u00eb fort\u00eb, nd\u00ebrmjet objektit t\u00eb procedur\u00ebs s\u00eb prokurimit publik dhe asaj q\u00eb synohet n\u00eb t\u00eb v\u00ebrtet\u00eb.<\/p>\n<p>Objekti i tenderit \u00ebsht\u00eb \u201cshtes\u00eb kati\u201d, nd\u00ebrkoh\u00eb q\u00eb shoq\u00ebrohet edhe me termin \u201crikonstruksion godine\u201d.<\/p>\n<p>Por, n\u00eb fakt, n\u00eb brend\u00ebsi t\u00eb dokumentave, zbulohet se b\u00ebhet fjal\u00eb p\u00ebr nj\u00eb godin\u00eb t\u00eb re me plot 7 kate.<\/p>\n<p>\u201c<em>Objekti 4 kat\u00ebsh me muratur\u00eb tulle prishet p\u00eb ti l\u00ebn\u00eb vend nd\u00ebrtimit t\u00eb nj\u00eb strukture te re e cila bashk\u00ebngjitet objektit 6 kat\u00ebsh.\u00a0<strong><u>Struktura e re me konstruksion b\/ado t\u00eb nd\u00ebrtoohet me 7 kate mbi tok\u00eb dhe 1 kat n\u00ebntok\u00eb.<\/u><\/strong>\u00a0T\u00eb dy objektet lidhen mes nj\u00ebri tjetrit si n\u00eb konstruksion ashtu edhe n\u00eb lart\u00ebsi , kuota, materiale e tekstura<\/em>\u201d, thuhet n\u00eb relacionin q\u00eb shoq\u00ebron tenderin me fond 1.8 milion\u00eb euro.<\/p>\n<figure id=\"attachment_1568802\" class=\"wp-caption alignnone\" aria-describedby=\"caption-attachment-1568802\"><img loading=\"lazy\" decoding=\"async\" class=\"size-medium wp-image-1568802\" src=\"https:\/\/boldnews.al\/wp-content\/uploads\/2025\/06\/WhatsApp-Image-2025-06-30-at-11.23.18-AM-2-640x763.jpeg\" sizes=\"auto, (max-width: 640px) 100vw, 640px\" srcset=\"https:\/\/boldnews.al\/wp-content\/uploads\/2025\/06\/WhatsApp-Image-2025-06-30-at-11.23.18-AM-2-640x763.jpeg 640w, https:\/\/boldnews.al\/wp-content\/uploads\/2025\/06\/WhatsApp-Image-2025-06-30-at-11.23.18-AM-2-750x894.jpeg 750w, https:\/\/boldnews.al\/wp-content\/uploads\/2025\/06\/WhatsApp-Image-2025-06-30-at-11.23.18-AM-2.jpeg 753w\" alt=\"\" width=\"640\" height=\"763\" data-pin-no-hover=\"true\" \/><figcaption id=\"caption-attachment-1568802\" class=\"wp-caption-text\">N\u00eb foto: Tenderi parashikon nd\u00ebrtimin e nj\u00eb shtese t\u00eb re 7-kat\u00ebsh<\/figcaption><\/figure>\n<p>N\u00eb vijim, dokumentat e tenderit shpjegojn\u00eb n\u00eb m\u00ebnyr\u00eb specifike dhe teknike se si do t\u00eb kryhet \u201crikonstruksioni\u201d dhe \u201cshtesa e katit\u201d, ku nj\u00eb vend t\u00eb posa\u00e7\u00ebm z\u00eb edhe m\u00ebnyra se si do t\u00eb funksionojn\u00eb ashensor\u00ebt, t\u00eb cil\u00ebt jan\u00eb t\u00eb domosdosh\u00ebm p\u00ebr nj\u00eb nd\u00ebrtes\u00eb t\u00eb lart\u00eb.<\/p>\n<p>Duke mbetur tek ashensor\u00ebt e ILDKPKI-s\u00eb, ekziston nj\u00eb lloj batute, nj\u00eb lloj humori i zi. Ka nga ata q\u00eb thon\u00eb se, kur hyn\u00eb n\u00eb ashensor\u00ebt e institucionit q\u00eb shqyrton konfliktin e interesit, shuhet \u00e7do lloj \u201ckonflikti\u201d dhe mbetet vet\u00ebm \u201cinteresi\u201d.<\/p>\n","protected":false},"excerpt":{"rendered":"<p>Nga\u00a0Boldnews.al N\u00eb nj\u00eb koh\u00eb q\u00eb K\u00ebshilli i Lart\u00eb Gjyq\u00ebsor dhe Prokuroria e P\u00ebrgjithshme presin m\u00eb kot prej mbi dy vitesh q\u00eb t\u00eb marrin fond nga qeveria p\u00ebr t\u00eb sistemuar infrastruktur\u00ebn e Gjykat\u00ebs s\u00eb vetme t\u00eb Apelit n\u00eb vend, kryeministri Edi Rama duket se ka prioritete t\u00eb tjera. I gjith\u00ebpushtetsh\u00ebm, me portofolin e Shqip\u00ebris\u00eb n\u00eb duart &hellip;<\/p>\n","protected":false},"author":4,"featured_media":117741,"comment_status":"closed","ping_status":"closed","sticky":false,"template":"","format":"standard","meta":{"footnotes":""},"categories":[37],"tags":[],"class_list":["post-117740","post","type-post","status-publish","format-standard","has-post-thumbnail","","category-politike"],"_links":{"self":[{"href":"https:\/\/rdnews.al\/index.php\/wp-json\/wp\/v2\/posts\/117740","targetHints":{"allow":["GET"]}}],"collection":[{"href":"https:\/\/rdnews.al\/index.php\/wp-json\/wp\/v2\/posts"}],"about":[{"href":"https:\/\/rdnews.al\/index.php\/wp-json\/wp\/v2\/types\/post"}],"author":[{"embeddable":true,"href":"https:\/\/rdnews.al\/index.php\/wp-json\/wp\/v2\/users\/4"}],"replies":[{"embeddable":true,"href":"https:\/\/rdnews.al\/index.php\/wp-json\/wp\/v2\/comments?post=117740"}],"version-history":[{"count":1,"href":"https:\/\/rdnews.al\/index.php\/wp-json\/wp\/v2\/posts\/117740\/revisions"}],"predecessor-version":[{"id":117742,"href":"https:\/\/rdnews.al\/index.php\/wp-json\/wp\/v2\/posts\/117740\/revisions\/117742"}],"wp:featuredmedia":[{"embeddable":true,"href":"https:\/\/rdnews.al\/index.php\/wp-json\/wp\/v2\/media\/117741"}],"wp:attachment":[{"href":"https:\/\/rdnews.al\/index.php\/wp-json\/wp\/v2\/media?parent=117740"}],"wp:term":[{"taxonomy":"category","embeddable":true,"href":"https:\/\/rdnews.al\/index.php\/wp-json\/wp\/v2\/categories?post=117740"},{"taxonomy":"post_tag","embeddable":true,"href":"https:\/\/rdnews.al\/index.php\/wp-json\/wp\/v2\/tags?post=117740"}],"curies":[{"name":"wp","href":"https:\/\/api.w.org\/{rel}","templated":true}]}}