{"id":117743,"date":"2025-06-30T09:48:32","date_gmt":"2025-06-30T09:48:32","guid":{"rendered":"https:\/\/rdnews.al\/?p=117743"},"modified":"2025-06-30T09:50:24","modified_gmt":"2025-06-30T09:50:24","slug":"gjyqi-politik-malltezi-gjueti-shtrigash-nga-garda-revolucionare-nen-urdherat-e-edi-rames","status":"publish","type":"post","link":"https:\/\/rdnews.al\/index.php\/2025\/06\/30\/gjyqi-politik-malltezi-gjueti-shtrigash-nga-garda-revolucionare-nen-urdherat-e-edi-rames\/","title":{"rendered":"Gjyqi politik\/ Malltezi: Gjueti-shtrigash nga garda revolucionare n\u00ebn urdh\u00ebrat e Edi Ram\u00ebs!"},"content":{"rendered":"<p>Jasht\u00eb ambienteve t\u00eb GJKKO, Jamarb\u00ebr Malltezi ka reaguar ashp\u00ebr ndaj procesit gjyq\u00ebsor t\u00eb nisur p\u00ebr \u00e7\u00ebshtjen \u201cPartizani\u201d, duke e cil\u00ebsuar at\u00eb nj\u00eb proces politik t\u00eb porositur nga kryeministri Edi Rama.<\/p>\n<p>N\u00eb nj\u00eb prononcim p\u00ebr mediat, Malltezi e quajti t\u00eb padrejt\u00eb dhe t\u00eb motivuar politikisht k\u00ebt\u00eb hetim q\u00eb p\u00ebrfshin edhe liderin e PD-s\u00eb, Sali Berisha, duke theksuar se b\u00ebhet fjal\u00eb p\u00ebr nj\u00eb \u201cgjueti shtrigash\u201d q\u00eb sipas tij ka nisur me urdh\u00ebr politik dhe shtrihet deri n\u00eb tre breza t\u00eb familjes Berisha.<\/p>\n<p>Ai mbrojti zhvillimin e pron\u00ebs n\u00eb m\u00ebnyr\u00eb t\u00eb ligjshme dhe me p\u00ebrfitime p\u00ebr komunitetin, nd\u00ebrsa akuzoi institucionet shtet\u00ebrore p\u00ebr veprime t\u00eb nj\u00ebanshme dhe me regji politike.<\/p>\n<p>&#8220;T\u00eb gjith\u00eb k\u00ebto jan\u00eb g\u00ebnjeshta me regji, kan\u00eb akt-akuz\u00eb, kan\u00eb mashtim kur thon\u00eb se kryetari i KRMT \u00ebsht\u00eb Berisha, kur t\u00eb gjith\u00eb e dinin se ishte Rama, \u00ebsht\u00eb n\u00eb dijeni publike kjo.<\/p>\n<p>Thon\u00eb q\u00eb VKM-n\u00a0p\u00ebr p\u00ebrdorimin\u00a0e letrave me vler\u00eb, doli nga funksioni p\u00ebr 7 muaj. G\u00ebnjesht\u00ebr!<\/p>\n<p>Ka q\u00ebndruar, vet\u00ebm p\u00ebr ata q\u00eb fitonin me ankand, jo p\u00ebr pronar\u00ebt e tok\u00ebs.<\/p>\n<p>T\u00eb gjitha k\u00ebto\u00a0 g\u00ebnjeshtra jan\u00eb n\u00eb dokumentet zyrtare, kemi t\u00eb b\u00ebjm\u00eb me nj\u00eb gjueti-shtrigash e than\u00eb se gjoja po fillonin t\u00eb k\u00ebrkonin p\u00ebr \u00e7\u00ebshtjen e Klubit\u00a0&#8216;Partizani&#8217;, por menj\u00ebher\u00eb sapo i dha Rama urdhrin n\u00eb 2022 p\u00ebr t\u00eb hetuar Sali Berish\u00ebn, n\u00eb Kongresin e PS, brenda muajit kan\u00eb b\u00ebr\u00eb 16 k\u00ebrkesa, p\u00ebr 30 vjet hetime, n\u00eb 3 breza t\u00eb berish\u00ebs.<\/p>\n<p>Q\u00eb tek mbesat q\u00eb ende nuk i kishin lindur, k\u00ebshtu q\u00eb kemi t\u00eb b\u00ebjm\u00eb me gjueti-shtrigash, kan\u00eb hetuar PD\u00a0q\u00eb nga 2005 deri n\u00eb 2023 dhe pjes\u00eb e k\u00ebsaj dosje\u00a0\u00ebsht\u00eb edhe Ledina Aliolli, e cila ishte kandidate p\u00ebr bashkin\u00eb e kor\u00e7\u00ebs n\u00eb 2023, gjoja po b\u00ebjn\u00eb k\u00ebrkime p\u00ebr klubin &#8216;Partizani&#8217;, thjesht e kan\u00eb pyetur se i ke bler\u00eb kapelet dhe bluzat.<\/p>\n<p>Kemi t\u00eb b\u00ebjm\u00eb me gjueti-shtrigash, nga garda revolucionare n\u00eb urdhrat e Edi Ram\u00ebs&#8221;, tha Malltezi.<\/p>\n","protected":false},"excerpt":{"rendered":"<p>Jasht\u00eb ambienteve t\u00eb GJKKO, Jamarb\u00ebr Malltezi ka reaguar ashp\u00ebr ndaj procesit gjyq\u00ebsor t\u00eb nisur p\u00ebr \u00e7\u00ebshtjen \u201cPartizani\u201d, duke e cil\u00ebsuar at\u00eb nj\u00eb proces politik t\u00eb porositur nga kryeministri Edi Rama. N\u00eb nj\u00eb prononcim p\u00ebr mediat, Malltezi e quajti t\u00eb padrejt\u00eb dhe t\u00eb motivuar politikisht k\u00ebt\u00eb hetim q\u00eb p\u00ebrfshin edhe liderin e PD-s\u00eb, Sali Berisha, duke &hellip;<\/p>\n","protected":false},"author":4,"featured_media":117745,"comment_status":"closed","ping_status":"closed","sticky":false,"template":"","format":"standard","meta":{"footnotes":""},"categories":[37],"tags":[],"class_list":["post-117743","post","type-post","status-publish","format-standard","has-post-thumbnail","","category-politike"],"_links":{"self":[{"href":"https:\/\/rdnews.al\/index.php\/wp-json\/wp\/v2\/posts\/117743","targetHints":{"allow":["GET"]}}],"collection":[{"href":"https:\/\/rdnews.al\/index.php\/wp-json\/wp\/v2\/posts"}],"about":[{"href":"https:\/\/rdnews.al\/index.php\/wp-json\/wp\/v2\/types\/post"}],"author":[{"embeddable":true,"href":"https:\/\/rdnews.al\/index.php\/wp-json\/wp\/v2\/users\/4"}],"replies":[{"embeddable":true,"href":"https:\/\/rdnews.al\/index.php\/wp-json\/wp\/v2\/comments?post=117743"}],"version-history":[{"count":1,"href":"https:\/\/rdnews.al\/index.php\/wp-json\/wp\/v2\/posts\/117743\/revisions"}],"predecessor-version":[{"id":117744,"href":"https:\/\/rdnews.al\/index.php\/wp-json\/wp\/v2\/posts\/117743\/revisions\/117744"}],"wp:featuredmedia":[{"embeddable":true,"href":"https:\/\/rdnews.al\/index.php\/wp-json\/wp\/v2\/media\/117745"}],"wp:attachment":[{"href":"https:\/\/rdnews.al\/index.php\/wp-json\/wp\/v2\/media?parent=117743"}],"wp:term":[{"taxonomy":"category","embeddable":true,"href":"https:\/\/rdnews.al\/index.php\/wp-json\/wp\/v2\/categories?post=117743"},{"taxonomy":"post_tag","embeddable":true,"href":"https:\/\/rdnews.al\/index.php\/wp-json\/wp\/v2\/tags?post=117743"}],"curies":[{"name":"wp","href":"https:\/\/api.w.org\/{rel}","templated":true}]}}