{"id":117747,"date":"2025-06-30T11:05:10","date_gmt":"2025-06-30T11:05:10","guid":{"rendered":"https:\/\/rdnews.al\/?p=117747"},"modified":"2025-06-30T11:21:04","modified_gmt":"2025-06-30T11:21:04","slug":"raporti-ne-asamblene-e-osbe-kercenime-dhe-zgjedhje-te-pabarabarta-me-11-maj","status":"publish","type":"post","link":"https:\/\/rdnews.al\/index.php\/2025\/06\/30\/raporti-ne-asamblene-e-osbe-kercenime-dhe-zgjedhje-te-pabarabarta-me-11-maj\/","title":{"rendered":"Raporti n\u00eb Asamblen\u00eb e OSBE: K\u00ebrc\u00ebnime dhe zgjedhje t\u00eb pabarabarta me 11 maj"},"content":{"rendered":"<p><strong>Koordinatorja e Posa\u00e7me e OSBE\/ODIHR p\u00ebr zgjedhjet e 11 majit Fara Karim raportin n\u00eb Asamblen\u00eb Parlamentare tw\u00eb OSBE n\u00eb Porto.<\/strong><\/p>\n<p>\u2018Kandidat\u00ebt n\u00eb p\u00ebrgjith\u00ebsi pat\u00ebn mund\u00ebsi t\u00eb b\u00ebnin fushat\u00eb lirisht. Megjithat\u00eb, ata nuk g\u00ebzonin kushte t\u00eb barabarta dhe disa raportuan se u p\u00ebrball\u00ebn me intimidim. Sa i p\u00ebrket fushat\u00ebs, u vu re se partia n\u00eb pushtet p\u00ebrfitoi nga p\u00ebrdorimi i gjer\u00eb i burimeve administrative gjat\u00eb fushat\u00ebs. Kjo krijoi nj\u00eb avantazh t\u00eb padrejt\u00eb p\u00ebr partin\u00eb n\u00eb pushtet. Po ashtu, pati nj\u00eb num\u00ebr t\u00eb madh akuzash p\u00ebr ushtrim presioni mbi votuesit, ve\u00e7an\u00ebrisht ndaj punonj\u00ebsve t\u00eb administrat\u00ebs publike. P\u00ebrdorimi aktiv i rrjeteve sociale on-line nga kandidat\u00ebt e ndrysh\u00ebm e amplifikoi diskursin konfrontues, nd\u00ebrsa asnj\u00eb autoritet nuk ishte i mandatuar p\u00ebr t\u00eb zbuluar p\u00ebrmbajtje manipuluese dhe t\u00eb d\u00ebmshme. Dita e zgjedhjeve n\u00eb p\u00ebrgjith\u00ebsi ishte e qet\u00eb dhe e organizuar mir\u00eb, por pati shpesh mosp\u00ebrputhje me procedurat, si dhe disa incidente t\u00eb intimidimit dhe nxitjes s\u00eb votuesve, si dhe mang\u00ebsi procedurale dhe t\u00eb transparenc\u00ebs gjat\u00eb num\u00ebrimit t\u00eb votave\u2019,u shpreh Farah Karimi.<\/p>\n<div id=\"rekl-13\">\n<div id=\"__sap-ad-15\" class=\"__sap-ads __sap-html inline tracked\" data-title=\"Credins desktop Brenda lajmit 08\">\n<div id=\"beacon_44fb49eda8\">N\u00eb fund t\u00eb raportit t\u00eb lexuar para Asambles\u00eb Parlamentare t\u00eb OSBE-s\u00eb, Farah Karimi u shpreh se OSBE, n\u00eb draftin final do t\u00eb jap\u00eb edhe nj\u00eb s\u00ebr\u00eb rekomandimesh, t\u00eb cilat duhet t\u00eb zbatohen me patjet\u00ebr, e p\u00ebr k\u00ebt\u00eb do t\u00eb jepet edhe ekspertiza e OSBE.<\/div>\n<p>&nbsp;<\/p>\n<\/div>\n<\/div>\n","protected":false},"excerpt":{"rendered":"<p>Koordinatorja e Posa\u00e7me e OSBE\/ODIHR p\u00ebr zgjedhjet e 11 majit Fara Karim raportin n\u00eb Asamblen\u00eb Parlamentare tw\u00eb OSBE n\u00eb Porto. \u2018Kandidat\u00ebt n\u00eb p\u00ebrgjith\u00ebsi pat\u00ebn mund\u00ebsi t\u00eb b\u00ebnin fushat\u00eb lirisht. Megjithat\u00eb, ata nuk g\u00ebzonin kushte t\u00eb barabarta dhe disa raportuan se u p\u00ebrball\u00ebn me intimidim. Sa i p\u00ebrket fushat\u00ebs, u vu re se partia n\u00eb pushtet &hellip;<\/p>\n","protected":false},"author":3,"featured_media":117754,"comment_status":"closed","ping_status":"closed","sticky":false,"template":"","format":"standard","meta":{"footnotes":""},"categories":[37],"tags":[],"class_list":["post-117747","post","type-post","status-publish","format-standard","has-post-thumbnail","","category-politike"],"_links":{"self":[{"href":"https:\/\/rdnews.al\/index.php\/wp-json\/wp\/v2\/posts\/117747","targetHints":{"allow":["GET"]}}],"collection":[{"href":"https:\/\/rdnews.al\/index.php\/wp-json\/wp\/v2\/posts"}],"about":[{"href":"https:\/\/rdnews.al\/index.php\/wp-json\/wp\/v2\/types\/post"}],"author":[{"embeddable":true,"href":"https:\/\/rdnews.al\/index.php\/wp-json\/wp\/v2\/users\/3"}],"replies":[{"embeddable":true,"href":"https:\/\/rdnews.al\/index.php\/wp-json\/wp\/v2\/comments?post=117747"}],"version-history":[{"count":3,"href":"https:\/\/rdnews.al\/index.php\/wp-json\/wp\/v2\/posts\/117747\/revisions"}],"predecessor-version":[{"id":117758,"href":"https:\/\/rdnews.al\/index.php\/wp-json\/wp\/v2\/posts\/117747\/revisions\/117758"}],"wp:featuredmedia":[{"embeddable":true,"href":"https:\/\/rdnews.al\/index.php\/wp-json\/wp\/v2\/media\/117754"}],"wp:attachment":[{"href":"https:\/\/rdnews.al\/index.php\/wp-json\/wp\/v2\/media?parent=117747"}],"wp:term":[{"taxonomy":"category","embeddable":true,"href":"https:\/\/rdnews.al\/index.php\/wp-json\/wp\/v2\/categories?post=117747"},{"taxonomy":"post_tag","embeddable":true,"href":"https:\/\/rdnews.al\/index.php\/wp-json\/wp\/v2\/tags?post=117747"}],"curies":[{"name":"wp","href":"https:\/\/api.w.org\/{rel}","templated":true}]}}