{"id":117855,"date":"2025-07-01T12:00:58","date_gmt":"2025-07-01T12:00:58","guid":{"rendered":"https:\/\/rdnews.al\/?p=117855"},"modified":"2025-07-01T12:00:58","modified_gmt":"2025-07-01T12:00:58","slug":"xhaka-mes-leverkusenit-dhe-milanit-2","status":"publish","type":"post","link":"https:\/\/rdnews.al\/index.php\/2025\/07\/01\/xhaka-mes-leverkusenit-dhe-milanit-2\/","title":{"rendered":"Xhaka mes Leverkusenit dhe Milanit&#8230;"},"content":{"rendered":"<p>Drejtori sportiv i Bayer Leverkusenit, Simon Rolfes ka folur p\u00ebr t\u00eb ardhmen e Granit Xhak\u00ebs.<\/p>\n<p>Ylli i \u201cFarmaceutik\u00ebve\u201d \u00ebsht\u00eb b\u00ebr\u00eb objektiv i Milanit, por q\u00eb pal\u00ebt nuk kan\u00eb arritur marr\u00ebveshje.<\/p>\n<p>E s\u00eb fundmi, zyrtari i lart\u00eb i klubit gjerman foli rreth interesimit t\u00eb \u201cRossoneri\u201d p\u00ebr kapitenin e ekipit.<\/p>\n<p>\u201cNe mbetemi t\u00eb p\u00ebrqendruar tek faktet. Ndonj\u00ebher\u00eb kjo ndihmon n\u00eb bot\u00ebn e sotme. Jan\u00eb b\u00ebr\u00eb shum\u00eb spekulime p\u00ebr nj\u00eb kalim t\u00eb supozuar t\u00eb tij tek Milani, por nuk ka pasur asnj\u00eb bisedim. Pas ndeshjes s\u00eb fundit t\u00eb sezonit n\u00eb Mainz i thash\u00eb Granitit q\u00eb mbetet nj\u00eb lojtar i r\u00ebnd\u00ebsish\u00ebm p\u00ebr ne. Kjo qasje e jona nuk ka ndryshuar\u201d, u shpreh Rolfes p\u00ebr \u201cKolner Stadt-Anzeiger.<\/p>\n<p>Xhaka personalisht e ka shprehur d\u00ebshir\u00ebn e tij p\u00ebr t\u2019iu bashkuar shtat\u00eb her\u00eb kampionit evropian, por q\u00eb oferta e k\u00ebtij t\u00eb fundit ishte e pamjaftueshme p\u00ebr Leverkusenin.<\/p>\n<p>Pas largimit t\u00eb yjeve t\u00eb ekipit dhe t\u00eb trajnerit Xabi Alonso, edhe Xhaka e d\u00ebshiron largimin, por trajneri i ri, Erik ten Hag d\u00ebshiron ta nd\u00ebrtoj\u00eb ekipin p\u00ebrreth p\u00ebrfaq\u00ebsuesit zviceran.<\/p>\n<p>Sidoqoft\u00eb, vera \u00ebsht\u00eb e gjat\u00eb dhe deri n\u00eb fund t\u00eb saj mund t\u00eb ndodh gjith\u00e7ka.<\/p>\n<p>Ish-futbollisti i Baselit, Borussia Monchengladbachut e Arsenalit mbetet nj\u00ebri prej mesfushor\u00ebve m\u00eb t\u00eb mir\u00eb n\u00eb Evrop\u00eb, th\u00ebn\u00eb kjo edhe n\u00eb baz\u00eb t\u00eb statistikave t\u00eb viteve t\u00eb fundit.<\/p>\n","protected":false},"excerpt":{"rendered":"<p>Drejtori sportiv i Bayer Leverkusenit, Simon Rolfes ka folur p\u00ebr t\u00eb ardhmen e Granit Xhak\u00ebs. Ylli i \u201cFarmaceutik\u00ebve\u201d \u00ebsht\u00eb b\u00ebr\u00eb objektiv i Milanit, por q\u00eb pal\u00ebt nuk kan\u00eb arritur marr\u00ebveshje. E s\u00eb fundmi, zyrtari i lart\u00eb i klubit gjerman foli rreth interesimit t\u00eb \u201cRossoneri\u201d p\u00ebr kapitenin e ekipit. \u201cNe mbetemi t\u00eb p\u00ebrqendruar tek faktet. Ndonj\u00ebher\u00eb &hellip;<\/p>\n","protected":false},"author":4,"featured_media":66641,"comment_status":"closed","ping_status":"closed","sticky":false,"template":"","format":"standard","meta":{"footnotes":""},"categories":[39],"tags":[],"class_list":["post-117855","post","type-post","status-publish","format-standard","has-post-thumbnail","","category-sport"],"_links":{"self":[{"href":"https:\/\/rdnews.al\/index.php\/wp-json\/wp\/v2\/posts\/117855","targetHints":{"allow":["GET"]}}],"collection":[{"href":"https:\/\/rdnews.al\/index.php\/wp-json\/wp\/v2\/posts"}],"about":[{"href":"https:\/\/rdnews.al\/index.php\/wp-json\/wp\/v2\/types\/post"}],"author":[{"embeddable":true,"href":"https:\/\/rdnews.al\/index.php\/wp-json\/wp\/v2\/users\/4"}],"replies":[{"embeddable":true,"href":"https:\/\/rdnews.al\/index.php\/wp-json\/wp\/v2\/comments?post=117855"}],"version-history":[{"count":1,"href":"https:\/\/rdnews.al\/index.php\/wp-json\/wp\/v2\/posts\/117855\/revisions"}],"predecessor-version":[{"id":117856,"href":"https:\/\/rdnews.al\/index.php\/wp-json\/wp\/v2\/posts\/117855\/revisions\/117856"}],"wp:featuredmedia":[{"embeddable":true,"href":"https:\/\/rdnews.al\/index.php\/wp-json\/wp\/v2\/media\/66641"}],"wp:attachment":[{"href":"https:\/\/rdnews.al\/index.php\/wp-json\/wp\/v2\/media?parent=117855"}],"wp:term":[{"taxonomy":"category","embeddable":true,"href":"https:\/\/rdnews.al\/index.php\/wp-json\/wp\/v2\/categories?post=117855"},{"taxonomy":"post_tag","embeddable":true,"href":"https:\/\/rdnews.al\/index.php\/wp-json\/wp\/v2\/tags?post=117855"}],"curies":[{"name":"wp","href":"https:\/\/api.w.org\/{rel}","templated":true}]}}