{"id":117918,"date":"2025-07-02T10:28:58","date_gmt":"2025-07-02T10:28:58","guid":{"rendered":"https:\/\/rdnews.al\/?p=117918"},"modified":"2025-07-02T10:28:58","modified_gmt":"2025-07-02T10:28:58","slug":"djegia-e-mbetjeve-ne-elbasan-alizoti-po-helmojne-njerezit-jane-nje-grup-piratesh-qe-vjedhin-pafund-2","status":"publish","type":"post","link":"https:\/\/rdnews.al\/index.php\/2025\/07\/02\/djegia-e-mbetjeve-ne-elbasan-alizoti-po-helmojne-njerezit-jane-nje-grup-piratesh-qe-vjedhin-pafund-2\/","title":{"rendered":"Djegia e mbetjeve n\u00eb Elbasan, Alizoti: Po helmojn\u00eb njer\u00ebzit, jan\u00eb nj\u00eb grup pirat\u00ebsh q\u00eb vjedhin pafund!"},"content":{"rendered":"<p class=\"post-meta\">Drejtuesi politik i PD n\u00eb Elbasan, Tomorr Alizoti ka reaguar p\u00ebr situat\u00ebn e r\u00ebnd\u00eb n\u00eb Elbasan me djegien e mbeturinave dhe mbulimin e gjith\u00eb zon\u00ebs me nj\u00eb tym q\u00eb \u00ebsht\u00eb shum\u00eb i d\u00ebmsh\u00ebm p\u00ebr sh\u00ebndetin e qytetar\u00ebve.<\/p>\n<div class=\"entry\">\n<p>Alizoti tha se, po helmohen edhe njer\u00ebzit, jan\u00eb nj\u00eb grup pirat\u00ebsh q\u00eb vjedhin pafund. Kan\u00eb bler\u00eb edhe ca, analist\u00eb, gazetar\u00eb dhe, media t\u00eb cil\u00ebt fryjn\u00eb njer\u00ebzit, mashtrojn\u00eb njer\u00ebzit se do hyjn\u00eb ne Evrop\u00eb.<\/p>\n<p>\u201cPo, ka n\u00eb Evrop\u00eb k\u00ebshtu. T\u00eb ndodhte kjo n\u00eb Evrop\u00eb, ishte gjith\u00eb qyteti k\u00ebtu n\u00eb rrug\u00eb. Kjo \u00ebsht\u00eb e tmerrshme. 26 milion\u00eb euro kan\u00eb ikur kot n\u00eb nj\u00eb vend t\u00eb varf\u00ebr si Elbasani. Me 26 milion\u00eb euro do t\u00eb mund t\u00eb rregulloje qindra gj\u00ebra n\u00eb k\u00ebt\u00eb qytet. A e kuptoni sa e dhimbshme \u00ebsht\u00eb, apo jo. M\u00eb k\u00ebto para kan\u00eb bler\u00eb vota ata. Ku \u00ebsht\u00eb kryetari i Bashkis\u00eb, ku \u00ebsht\u00eb, \u00ebsht\u00eb aksionere bashkia\u201d, tha Alizoti.<\/p>\n<p>Nd\u00ebrsa p\u00ebr rritjen e \u00e7mimit t\u00eb depozitimit Alizoti tha se, k\u00ebta duan t\u00eb vjedhin akoma m\u00eb shum\u00eb.<\/p>\n<p><strong>\u201c<\/strong>K\u00ebta kan\u00eb hyr\u00eb n\u00eb bot\u00ebn e vjedhjes dhe u \u00ebsht\u00eb kthyer ne epsh n\u00eb pasion, qytetar\u00ebt k\u00ebtu ne Elbasan t\u00eb dalin dhe k\u00ebtu bashk\u00eb me ne t\u00eb bllokojm\u00eb k\u00ebt\u00eb maskarall\u00ebk. Kjo do q\u00eb njer\u00ebzit t\u00eb \u00e7ohen. Ja pra ku e keni qeverin\u00eb madh\u00ebshtore q\u00eb do e \u00e7oj\u00eb Shqip\u00ebrin\u00eb n\u00eb Evrop\u00eb. Do b\u00ebnin edhe nj\u00eb gar\u00eb p\u00ebr formula 1.<\/p>\n<p>K\u00ebtu \u00ebsht\u00eb nj\u00eb kancer i gjall\u00eb. K\u00ebtu mund t\u00eb b\u00ebhet nj\u00eb gar\u00eb kush \u00ebsht\u00eb pirati m\u00eb i madh n\u00eb bot\u00eb. Dhe kam p\u00ebrshtypjen se k\u00ebt\u00eb e fitojn\u00eb k\u00ebta. Mund ta b\u00ebjn\u00eb edhe me pist\u00ebn e mbetjeve t\u00eb plehrave. K\u00ebtu jan\u00eb p\u00ebr medalje\u201d, tha Alizoti.<\/p>\n<\/div>\n","protected":false},"excerpt":{"rendered":"<p>Drejtuesi politik i PD n\u00eb Elbasan, Tomorr Alizoti ka reaguar p\u00ebr situat\u00ebn e r\u00ebnd\u00eb n\u00eb Elbasan me djegien e mbeturinave dhe mbulimin e gjith\u00eb zon\u00ebs me nj\u00eb tym q\u00eb \u00ebsht\u00eb shum\u00eb i d\u00ebmsh\u00ebm p\u00ebr sh\u00ebndetin e qytetar\u00ebve. Alizoti tha se, po helmohen edhe njer\u00ebzit, jan\u00eb nj\u00eb grup pirat\u00ebsh q\u00eb vjedhin pafund. Kan\u00eb bler\u00eb edhe ca, &hellip;<\/p>\n","protected":false},"author":4,"featured_media":112805,"comment_status":"closed","ping_status":"closed","sticky":false,"template":"","format":"standard","meta":{"footnotes":""},"categories":[37],"tags":[],"class_list":["post-117918","post","type-post","status-publish","format-standard","has-post-thumbnail","","category-politike"],"_links":{"self":[{"href":"https:\/\/rdnews.al\/index.php\/wp-json\/wp\/v2\/posts\/117918","targetHints":{"allow":["GET"]}}],"collection":[{"href":"https:\/\/rdnews.al\/index.php\/wp-json\/wp\/v2\/posts"}],"about":[{"href":"https:\/\/rdnews.al\/index.php\/wp-json\/wp\/v2\/types\/post"}],"author":[{"embeddable":true,"href":"https:\/\/rdnews.al\/index.php\/wp-json\/wp\/v2\/users\/4"}],"replies":[{"embeddable":true,"href":"https:\/\/rdnews.al\/index.php\/wp-json\/wp\/v2\/comments?post=117918"}],"version-history":[{"count":1,"href":"https:\/\/rdnews.al\/index.php\/wp-json\/wp\/v2\/posts\/117918\/revisions"}],"predecessor-version":[{"id":117919,"href":"https:\/\/rdnews.al\/index.php\/wp-json\/wp\/v2\/posts\/117918\/revisions\/117919"}],"wp:featuredmedia":[{"embeddable":true,"href":"https:\/\/rdnews.al\/index.php\/wp-json\/wp\/v2\/media\/112805"}],"wp:attachment":[{"href":"https:\/\/rdnews.al\/index.php\/wp-json\/wp\/v2\/media?parent=117918"}],"wp:term":[{"taxonomy":"category","embeddable":true,"href":"https:\/\/rdnews.al\/index.php\/wp-json\/wp\/v2\/categories?post=117918"},{"taxonomy":"post_tag","embeddable":true,"href":"https:\/\/rdnews.al\/index.php\/wp-json\/wp\/v2\/tags?post=117918"}],"curies":[{"name":"wp","href":"https:\/\/api.w.org\/{rel}","templated":true}]}}