{"id":11792,"date":"2022-05-10T09:18:03","date_gmt":"2022-05-10T09:18:03","guid":{"rendered":"https:\/\/rdnews.al\/?p=11792"},"modified":"2022-05-10T10:20:56","modified_gmt":"2022-05-10T10:20:56","slug":"imeraj-basha-po-hetohej-nga-3-prokurore-kerkova-deshmine-e-muzin","status":"publish","type":"post","link":"https:\/\/rdnews.al\/index.php\/2022\/05\/10\/imeraj-basha-po-hetohej-nga-3-prokurore-kerkova-deshmine-e-muzin\/","title":{"rendered":"Deklarata e fort\u00eb e Imerajt: Nik Muzin ishte gati t\u00eb d\u00ebshmonte kund\u00ebr Bash\u00ebs, por&#8230;"},"content":{"rendered":"<p>Prokurorja Elisabeta Imeraj ka folur p\u00ebr hetimin e Lulzim Bash\u00ebs n\u00eb dosjen e njohur si &#8220;Muzin&#8221;. E ftuar n\u00eb emisionin &#8220;T\u00eb Paekspozuarit&#8221; n\u00eb MCN TV, Imeraj tha se, ajo nuk donte q\u00eb \u00e7\u00ebshtja e Bash\u00ebs t\u00eb mbyllej, si\u00e7 u aludua n\u00eb disa media, por n\u00eb fakt ajo donte q\u00eb Nik Muzin t\u00eb d\u00ebshmonte duke iu siguruar imunitet nga autoritetet shqiptare dhe pastaj \u00e7\u00ebshtja t\u00eb \u00e7ohej n\u00eb gjykim.<\/p>\n<p><strong>Pjes\u00eb nga biseda<\/strong><\/p>\n<p><strong>Ylli Rakipi:<\/strong>\u00a0Ju nis\u00ebt hetimin p\u00ebr Bash\u00ebn?<\/p>\n<p><strong>Elisabeta Imeraj:<\/strong>\u00a0Kur kam mb\u00ebrritur un\u00eb, hetimi kishte nisur. \u00cbsht\u00eb intensifikuar me tre prokuror\u00eb. Prokuror\u00ebt jan\u00eb t\u00eb pavarur. Un\u00eb kam mbajtur q\u00ebndrimin tim, q\u00eb nuk ka r\u00ebnd\u00ebsi se si \u00ebsht\u00eb rezultati, sepse drejtuesi i prokuroris\u00eb nuk mund t\u00eb nd\u00ebrhyj\u00eb, por kam dal\u00eb me udh\u00ebzimin p\u00ebrkat\u00ebs, duke b\u00ebr\u00eb t\u00eb ditur q\u00eb hetimit t&#8217;i shkohet deri n\u00eb fund.<\/p>\n<p><strong>Lorenc Vangjeli:\u00a0<\/strong>Ka z\u00ebra se ka ardhur nj\u00eb dosje nga SHBA p\u00ebr k\u00ebt\u00eb \u00e7\u00ebshtje. Rezultate t\u00eb hetimit n\u00eb SHBA?<\/p>\n<p><strong>Ylli Rakipi:\u00a0<\/strong>A keni patur komunikim me faktorin nd\u00ebrkomb\u00ebtar\u00a0p\u00ebr k\u00ebt\u00eb problem?<\/p>\n<p><strong>Elisabeta Imeraj<\/strong>:\u00a0Kemi dy momente t\u00eb cilat do t&#8217;i sqaroj. \u00c7\u00ebshtja \u00ebsht\u00eb e mbyllur tani, ka mbaruar. Prokuroria i \u00ebsht\u00eb drejtuar organeve n\u00eb SHBA p\u00ebr ndihm\u00eb juridike. \u00cbsht\u00eb k\u00ebrkuar informacion dhe marrja e d\u00ebshmis\u00eb s\u00eb Muzin. N\u00eb kthim-p\u00ebrgjigje kan\u00eb ardhur informacionet, por nuk \u00ebsht\u00eb b\u00ebr\u00eb e mundur pyetja e zotit Muzin. N\u00eb argumentimin e b\u00ebr\u00eb n\u00eb kthim-p\u00ebrgjigje dhe k\u00ebrkes\u00ebn p\u00ebr ndihm\u00eb, \u00ebsht\u00eb arsyetimi se zoti Muzin ka p\u00ebrfituar nga e drejta p\u00ebr t\u00eb mos folur (n\u00eb SHBA), nd\u00ebrsa n\u00eb raport me organet n\u00eb Shqip\u00ebri, n\u00ebse i jepet garanci n\u00eb mosmarrjen e p\u00ebrgjegj\u00ebsis\u00eb penale, do t\u00eb jepte d\u00ebshmin\u00eb. Un\u00eb personalisht, duke par\u00eb zanafill\u00ebn hetimore, q\u00eb hetimit i duhet shkuar deri n\u00eb fund, kam udh\u00ebzuar, q\u00eb prokuroria t\u00eb mos ket\u00eb faz\u00eb p\u00ebrfundimtare, por t\u00eb krijoj\u00eb mund\u00ebsin\u00eb proceduriale q\u00eb Muzin t\u00eb jap\u00eb d\u00ebshmin\u00eb e tij!<\/p>\n<p><strong>Lorenc Vangjeli<\/strong>:\u00a0Iu ofrua zotit Muzin imunitet?<\/p>\n<p><strong>Elisabeta Imeraj:\u00a0<\/strong>Prokuror\u00ebt vendosn t\u00eb mbyllej hetimi dhe t\u00eb shkoj\u00eb \u00e7\u00ebshtja n\u00eb gjyakt\u00eb. N\u00ebse prokuroria do t\u00eb ishte e centralizuar, drejtuesi i prokuroris\u00eb kishte mund\u00ebsi t\u00eb shfuqizonte vendimarrjen e prokuror\u00ebve t\u00eb \u00e7\u00ebshtjes.<\/p>\n<p><strong>Lorenc Vangjeli:<\/strong>\u00a0Shihni ju nd\u00ebrhyrje politike? Ishte kandidat p\u00ebr kryeminist\u00ebr zot\u00ebria.<\/p>\n<p><strong>Elisabeta Imeraj:<\/strong>\u00a0K\u00ebt\u00eb nuk e di, nuk marr vesh nga politika. Ajo q\u00eb ka ndodhur \u00ebsht\u00eb q\u00eb un\u00eb si prokurore&#8230; Un\u00eb kam qen\u00eb kund\u00ebr mbylljes s\u00eb \u00e7\u00ebshtjes. Po t&#8217;i rikthehemi medias, opozita ka pretenduar q\u00eb Elisabeta Imeraj po b\u00ebn presion p\u00ebr mbyllje t\u00eb \u00e7\u00ebshtjes.<\/p>\n","protected":false},"excerpt":{"rendered":"<p>Prokurorja Elisabeta Imeraj ka folur p\u00ebr hetimin e Lulzim Bash\u00ebs n\u00eb dosjen e njohur si &#8220;Muzin&#8221;. E ftuar n\u00eb emisionin &#8220;T\u00eb Paekspozuarit&#8221; n\u00eb MCN TV, Imeraj tha se, ajo nuk donte q\u00eb \u00e7\u00ebshtja e Bash\u00ebs t\u00eb mbyllej, si\u00e7 u aludua n\u00eb disa media, por n\u00eb fakt ajo donte q\u00eb Nik Muzin t\u00eb d\u00ebshmonte duke iu &hellip;<\/p>\n","protected":false},"author":4,"featured_media":11793,"comment_status":"open","ping_status":"open","sticky":false,"template":"","format":"standard","meta":{"footnotes":""},"categories":[40],"tags":[],"class_list":["post-11792","post","type-post","status-publish","format-standard","has-post-thumbnail","","category-aktualitet"],"_links":{"self":[{"href":"https:\/\/rdnews.al\/index.php\/wp-json\/wp\/v2\/posts\/11792","targetHints":{"allow":["GET"]}}],"collection":[{"href":"https:\/\/rdnews.al\/index.php\/wp-json\/wp\/v2\/posts"}],"about":[{"href":"https:\/\/rdnews.al\/index.php\/wp-json\/wp\/v2\/types\/post"}],"author":[{"embeddable":true,"href":"https:\/\/rdnews.al\/index.php\/wp-json\/wp\/v2\/users\/4"}],"replies":[{"embeddable":true,"href":"https:\/\/rdnews.al\/index.php\/wp-json\/wp\/v2\/comments?post=11792"}],"version-history":[{"count":0,"href":"https:\/\/rdnews.al\/index.php\/wp-json\/wp\/v2\/posts\/11792\/revisions"}],"wp:featuredmedia":[{"embeddable":true,"href":"https:\/\/rdnews.al\/index.php\/wp-json\/wp\/v2\/media\/11793"}],"wp:attachment":[{"href":"https:\/\/rdnews.al\/index.php\/wp-json\/wp\/v2\/media?parent=11792"}],"wp:term":[{"taxonomy":"category","embeddable":true,"href":"https:\/\/rdnews.al\/index.php\/wp-json\/wp\/v2\/categories?post=11792"},{"taxonomy":"post_tag","embeddable":true,"href":"https:\/\/rdnews.al\/index.php\/wp-json\/wp\/v2\/tags?post=11792"}],"curies":[{"name":"wp","href":"https:\/\/api.w.org\/{rel}","templated":true}]}}