{"id":117948,"date":"2025-07-02T11:14:03","date_gmt":"2025-07-02T11:14:03","guid":{"rendered":"https:\/\/rdnews.al\/?p=117948"},"modified":"2025-07-02T11:14:03","modified_gmt":"2025-07-02T11:14:03","slug":"tymi-i-mbeturinave-po-helmon-elbasanin-sara-e-suel-celes-olsi-i-vettingut-garanci-e-vjedhjeve-dhe-mbulimi-i-skandaleve","status":"publish","type":"post","link":"https:\/\/rdnews.al\/index.php\/2025\/07\/02\/tymi-i-mbeturinave-po-helmon-elbasanin-sara-e-suel-celes-olsi-i-vettingut-garanci-e-vjedhjeve-dhe-mbulimi-i-skandaleve\/","title":{"rendered":"Tymi i mbeturinave po helmon Elbasanin, Sara e Suel \u00c7el\u00ebs, Olsi i Vettingut garanci e vjedhjeve dhe mbulimi i skandaleve!"},"content":{"rendered":"<p><strong>Deklarata e an\u00ebtarit t\u00eb K\u00ebshillit bashkiak t\u00eb Elbasanit, Blendi Him\u00e7i<\/strong><\/p>\n<p>Zjarri i r\u00ebn\u00eb q\u00eb prej dit\u00ebs s\u00eb djeshme n\u00eb landfillin e Elbasanit \u00ebsht\u00eb nj\u00eb tjet\u00ebr prov\u00eb se si vjedhja e ngritur n\u00eb sistem po i kushton qytetar\u00ebve jo veten ne financa por edhe n\u00eb sh\u00ebndet dhe siguri jete.<\/p>\n<p>N\u00eb vend q\u00eb mbetjet t\u00eb digjeshin pak metra m\u00eb tutje, n\u00eb inceneratorin q\u00eb ka kushtuar jo pak, por 26 milion\u00eb euro, dhe q\u00eb qytetar\u00ebt e paguajn\u00eb nga taksat e tyre pik\u00ebrisht p\u00ebr k\u00ebt\u00eb q\u00ebllim, zjarri, i cili duket se ka dal\u00eb jasht\u00eb kontrollit, p\u00ebrve\u00e7se akuz\u00eb p\u00ebr nj\u00eb qeveri t\u00eb korruptuar q\u00eb nuk ka l\u00ebn\u00eb gj\u00eb pa b\u00ebr\u00eb, tashm\u00eb po helmon gjith\u00eb Elbasanin.<\/p>\n<p>Inceneratori i Elbasanit, q\u00eb nga nd\u00ebrtimi i tij n\u00eb vitin 2017, nuk ka djegur asnj\u00eb ton plehra dhe nuk ka prodhuar asnj\u00eb kilovat energji. Por para po djeg pa fund. Vitin e kaluar, nj\u00eb kompani e af\u00ebrt me Ram\u00ebn fitoi tenderin e shpallur nga kompania shtet\u00ebrore \u2018Eco Alb\u2019 p\u00ebr menaxhimin e mbetjeve n\u00eb landfill, me vler\u00eb rreth 400 mij\u00eb euro, duke u favorizuar jo pak nga Latja i Elbasanit.<\/p>\n<p>Zjarri n\u00eb landfillin e Elbasanit nxjerr n\u00eb pah nevoj\u00ebn emergjente q\u00eb Edi Rama kishte n\u00eb k\u00ebt\u00eb qytet p\u00ebr t\u00eb vjedhur vota. E pra, duket qart\u00eb se Sara e Suel \u00c7el\u00ebs, Olsi i Vettingut, nuk do b\u00ebjn\u00eb gj\u00eb tjet\u00ebr ve\u00e7se do jen\u00eb garancia e vjedhjeve dhe mbulimi i skandaleve n\u00eb qytetin e Elbasanit, ashtu si\u00e7 \u00ebsht\u00eb edhe tymi i landfillit q\u00eb prej dy dit\u00ebsh po helmon familjet e k\u00ebtij qyteti.<\/p>\n<p>Ky zjarr toksik \u00ebsht\u00eb edhe kujtesa e hidhur se kur zgjedhjet jan\u00eb farse, askush nuk jep llogari.<\/p>\n<p>Jemi ne dit\u00ebn kur askush as nuk k\u00ebrkon me llogari.<\/p>\n<p>Partia Demokratike \u00ebsht\u00eb i vetmi z\u00eb.<\/p>\n","protected":false},"excerpt":{"rendered":"<p>Deklarata e an\u00ebtarit t\u00eb K\u00ebshillit bashkiak t\u00eb Elbasanit, Blendi Him\u00e7i Zjarri i r\u00ebn\u00eb q\u00eb prej dit\u00ebs s\u00eb djeshme n\u00eb landfillin e Elbasanit \u00ebsht\u00eb nj\u00eb tjet\u00ebr prov\u00eb se si vjedhja e ngritur n\u00eb sistem po i kushton qytetar\u00ebve jo veten ne financa por edhe n\u00eb sh\u00ebndet dhe siguri jete. N\u00eb vend q\u00eb mbetjet t\u00eb digjeshin pak &hellip;<\/p>\n","protected":false},"author":4,"featured_media":117949,"comment_status":"closed","ping_status":"closed","sticky":false,"template":"","format":"standard","meta":{"footnotes":""},"categories":[37],"tags":[],"class_list":["post-117948","post","type-post","status-publish","format-standard","has-post-thumbnail","","category-politike"],"_links":{"self":[{"href":"https:\/\/rdnews.al\/index.php\/wp-json\/wp\/v2\/posts\/117948","targetHints":{"allow":["GET"]}}],"collection":[{"href":"https:\/\/rdnews.al\/index.php\/wp-json\/wp\/v2\/posts"}],"about":[{"href":"https:\/\/rdnews.al\/index.php\/wp-json\/wp\/v2\/types\/post"}],"author":[{"embeddable":true,"href":"https:\/\/rdnews.al\/index.php\/wp-json\/wp\/v2\/users\/4"}],"replies":[{"embeddable":true,"href":"https:\/\/rdnews.al\/index.php\/wp-json\/wp\/v2\/comments?post=117948"}],"version-history":[{"count":1,"href":"https:\/\/rdnews.al\/index.php\/wp-json\/wp\/v2\/posts\/117948\/revisions"}],"predecessor-version":[{"id":117950,"href":"https:\/\/rdnews.al\/index.php\/wp-json\/wp\/v2\/posts\/117948\/revisions\/117950"}],"wp:featuredmedia":[{"embeddable":true,"href":"https:\/\/rdnews.al\/index.php\/wp-json\/wp\/v2\/media\/117949"}],"wp:attachment":[{"href":"https:\/\/rdnews.al\/index.php\/wp-json\/wp\/v2\/media?parent=117948"}],"wp:term":[{"taxonomy":"category","embeddable":true,"href":"https:\/\/rdnews.al\/index.php\/wp-json\/wp\/v2\/categories?post=117948"},{"taxonomy":"post_tag","embeddable":true,"href":"https:\/\/rdnews.al\/index.php\/wp-json\/wp\/v2\/tags?post=117948"}],"curies":[{"name":"wp","href":"https:\/\/api.w.org\/{rel}","templated":true}]}}