{"id":117960,"date":"2025-07-02T11:26:26","date_gmt":"2025-07-02T11:26:26","guid":{"rendered":"https:\/\/rdnews.al\/?p=117960"},"modified":"2025-07-02T11:26:26","modified_gmt":"2025-07-02T11:26:26","slug":"gjykata-kushtetuese-gjen-shkelje-ne-dosjen-partizani","status":"publish","type":"post","link":"https:\/\/rdnews.al\/index.php\/2025\/07\/02\/gjykata-kushtetuese-gjen-shkelje-ne-dosjen-partizani\/","title":{"rendered":"Gjykata Kushtetuese gjen shkelje n\u00eb dosjen \u201cPartizani\u201d"},"content":{"rendered":"<p>Gjykata Kushtetuese ka pranuar pjes\u00ebrisht padin\u00eb e \u201cStudio Pustina\u201d q\u00eb kishte si objekt shfuqizimin e vendimeve t\u00eb Gjykat\u00ebs s\u00eb Posa\u00e7me t\u00eb Shkall\u00ebs s\u00eb Par\u00eb, Apelit t\u00eb Posa\u00e7\u00ebm dhe Kolegjit Penal t\u00eb Gjykat\u00ebs s\u00eb Lart\u00eb, duke pranuar\u00a0 pjes\u00ebrisht k\u00ebrkes\u00ebn dhe konstatuar cenimin e t\u00eb drejt\u00ebs s\u00eb k\u00ebrkueses p\u00ebr paprekshm\u00ebrin\u00eb e banes\u00ebs.<\/p>\n<p>Kujtojm\u00eb se SPAK ka kryer sekuestrime t\u00eb dokumenteve shkresore dhe t\u00eb kompjuterave t\u00eb \u201cStudio Pustina\u201d gjat\u00eb hetimeve p\u00ebr dosjen \u201cPartizani\u201d ku i pandehur \u00ebsht\u00eb marr\u00eb edhe kryetari i PD Sali Berisha, dh\u00ebnd\u00ebri i tij Jamarb\u00ebr Malltezi, Fatmir Bektashi, Andia Pustina dhe Xhimi Begeja.<\/p>\n<p>Dosja ka kaluar p\u00ebr gjykim mes kontestimeve n\u00eb GJKKO, nd\u00ebrsa seanca e par\u00eb u shty p\u00ebr shkak se nuk ishim njoftuar si duhet pal\u00ebt.<\/p>\n<p><img decoding=\"async\" src=\"https:\/\/www.syri.net\/uploads\/syri.net\/images\/2025\/July\/02\/auto_7e420971-4371-42f6-89ea-9c4f620dd4e71751454460.jfif\" alt=\"Image\" \/><\/p>\n","protected":false},"excerpt":{"rendered":"<p>Gjykata Kushtetuese ka pranuar pjes\u00ebrisht padin\u00eb e \u201cStudio Pustina\u201d q\u00eb kishte si objekt shfuqizimin e vendimeve t\u00eb Gjykat\u00ebs s\u00eb Posa\u00e7me t\u00eb Shkall\u00ebs s\u00eb Par\u00eb, Apelit t\u00eb Posa\u00e7\u00ebm dhe Kolegjit Penal t\u00eb Gjykat\u00ebs s\u00eb Lart\u00eb, duke pranuar\u00a0 pjes\u00ebrisht k\u00ebrkes\u00ebn dhe konstatuar cenimin e t\u00eb drejt\u00ebs s\u00eb k\u00ebrkueses p\u00ebr paprekshm\u00ebrin\u00eb e banes\u00ebs. Kujtojm\u00eb se SPAK ka kryer &hellip;<\/p>\n","protected":false},"author":4,"featured_media":31228,"comment_status":"closed","ping_status":"closed","sticky":false,"template":"","format":"standard","meta":{"footnotes":""},"categories":[37],"tags":[],"class_list":["post-117960","post","type-post","status-publish","format-standard","has-post-thumbnail","","category-politike"],"_links":{"self":[{"href":"https:\/\/rdnews.al\/index.php\/wp-json\/wp\/v2\/posts\/117960","targetHints":{"allow":["GET"]}}],"collection":[{"href":"https:\/\/rdnews.al\/index.php\/wp-json\/wp\/v2\/posts"}],"about":[{"href":"https:\/\/rdnews.al\/index.php\/wp-json\/wp\/v2\/types\/post"}],"author":[{"embeddable":true,"href":"https:\/\/rdnews.al\/index.php\/wp-json\/wp\/v2\/users\/4"}],"replies":[{"embeddable":true,"href":"https:\/\/rdnews.al\/index.php\/wp-json\/wp\/v2\/comments?post=117960"}],"version-history":[{"count":1,"href":"https:\/\/rdnews.al\/index.php\/wp-json\/wp\/v2\/posts\/117960\/revisions"}],"predecessor-version":[{"id":117961,"href":"https:\/\/rdnews.al\/index.php\/wp-json\/wp\/v2\/posts\/117960\/revisions\/117961"}],"wp:featuredmedia":[{"embeddable":true,"href":"https:\/\/rdnews.al\/index.php\/wp-json\/wp\/v2\/media\/31228"}],"wp:attachment":[{"href":"https:\/\/rdnews.al\/index.php\/wp-json\/wp\/v2\/media?parent=117960"}],"wp:term":[{"taxonomy":"category","embeddable":true,"href":"https:\/\/rdnews.al\/index.php\/wp-json\/wp\/v2\/categories?post=117960"},{"taxonomy":"post_tag","embeddable":true,"href":"https:\/\/rdnews.al\/index.php\/wp-json\/wp\/v2\/tags?post=117960"}],"curies":[{"name":"wp","href":"https:\/\/api.w.org\/{rel}","templated":true}]}}