{"id":117968,"date":"2025-07-02T17:13:01","date_gmt":"2025-07-02T17:13:01","guid":{"rendered":"https:\/\/rdnews.al\/?p=117968"},"modified":"2025-07-02T17:13:01","modified_gmt":"2025-07-02T17:13:01","slug":"reagon-bardhi-ceno-klosi-dhe-zegjine-caushi-hajdute-te-rendomte-e-kane-ne-gjak-vjedhjen","status":"publish","type":"post","link":"https:\/\/rdnews.al\/index.php\/2025\/07\/02\/reagon-bardhi-ceno-klosi-dhe-zegjine-caushi-hajdute-te-rendomte-e-kane-ne-gjak-vjedhjen\/","title":{"rendered":"Reagon Bardhi: Ceno Klosi dhe Zegjine \u00c7aushi hajdut\u00eb t\u00eb r\u00ebndomt\u00eb! E kan\u00eb n\u00eb gjak vjedhjen"},"content":{"rendered":"<p>Pas p\u00ebrfundimit t\u00eb rinum\u00ebrimit t\u00eb votave n\u00eb Qarkun e Fierit, ku Zegjine \u00c7aushi humbi mandatin e deputetes s\u00eb PS dhe Ceno Klosi rezultonte me rreth 1 mij\u00eb vota t\u00eb fituara padrejt\u00ebsisht, ka reaguar kreu i Grupit Parlamentar n\u00eb Partin\u00eb Demokratike, Gazmend Bardhi.<\/p>\n<p>N\u00eb nj\u00eb postim n\u00eb rrjetet sociale, Bardhi shkruan se dy njer\u00ebzit m\u00eb t\u00eb af\u00ebrt t\u00eb drejtueses politike t\u00eb Fierit, Belinda Balluku, pra Ceno Klosi dhe Zegjine \u00c7aushi jan\u00eb hajdut\u00eb.<\/p>\n<p>\u201c<em>Rinumurimi n\u00eb Fier konfirmoj\u00eb q\u00eb dy njer\u00ebzit m\u00eb t\u00eb af\u00ebrt, jan\u00eb hajdut\u00eb si vet\u00eb TUTORJA! Yjet e Belinda Ballukut n\u00eb Fier Zeqirja dhe Cenushi: Nj\u00eb me mandat t\u00eb vjedhur dhe tjetri me vota t\u00eb vjedhura.<\/em><\/p>\n<p><em>Ceno Klosi e ka n\u00eb gjak vjedhjen, e nisi n\u00eb tatime dhe e p\u00ebrfundoj\u00eb n\u00eb vota, por keqardhja \u00ebsht\u00eb p\u00ebr t\u00eb rinjt\u00eb n\u00eb PS q\u00eb ndjekin modelin e Belind\u00ebs, merr pa t\u00eb drejt\u00eb \u00e7far\u00eb t\u00eb del p\u00ebrpara. Hajdut\u00eb t\u00eb r\u00ebndomt\u00eb<\/em>!\u201d, shprehet Bardhi.<\/p>\n<p>Rinum\u00ebrimi nxorri n\u00eb pah se Ceno Klosi kishte 940 vota m\u00eb shum\u00eb n\u00eb procesverbale se\u00e7 kishte realisht n\u00eb kutit\u00eb e votimit.<\/p>\n<p>Kurse Zegjine \u00c7aushi e humbi mandatin pasi iu zbrit\u00ebn votat, teksa rezultoi se i ishin shtuar padrejt\u00ebsisht 48 vota, dhe nga zbritja e tyre humbi mandatin me 10 vota diferenc\u00eb.<\/p>\n","protected":false},"excerpt":{"rendered":"<p>Pas p\u00ebrfundimit t\u00eb rinum\u00ebrimit t\u00eb votave n\u00eb Qarkun e Fierit, ku Zegjine \u00c7aushi humbi mandatin e deputetes s\u00eb PS dhe Ceno Klosi rezultonte me rreth 1 mij\u00eb vota t\u00eb fituara padrejt\u00ebsisht, ka reaguar kreu i Grupit Parlamentar n\u00eb Partin\u00eb Demokratike, Gazmend Bardhi. N\u00eb nj\u00eb postim n\u00eb rrjetet sociale, Bardhi shkruan se dy njer\u00ebzit m\u00eb t\u00eb &hellip;<\/p>\n","protected":false},"author":4,"featured_media":117969,"comment_status":"closed","ping_status":"closed","sticky":false,"template":"","format":"standard","meta":{"footnotes":""},"categories":[37],"tags":[],"class_list":["post-117968","post","type-post","status-publish","format-standard","has-post-thumbnail","","category-politike"],"_links":{"self":[{"href":"https:\/\/rdnews.al\/index.php\/wp-json\/wp\/v2\/posts\/117968","targetHints":{"allow":["GET"]}}],"collection":[{"href":"https:\/\/rdnews.al\/index.php\/wp-json\/wp\/v2\/posts"}],"about":[{"href":"https:\/\/rdnews.al\/index.php\/wp-json\/wp\/v2\/types\/post"}],"author":[{"embeddable":true,"href":"https:\/\/rdnews.al\/index.php\/wp-json\/wp\/v2\/users\/4"}],"replies":[{"embeddable":true,"href":"https:\/\/rdnews.al\/index.php\/wp-json\/wp\/v2\/comments?post=117968"}],"version-history":[{"count":1,"href":"https:\/\/rdnews.al\/index.php\/wp-json\/wp\/v2\/posts\/117968\/revisions"}],"predecessor-version":[{"id":117970,"href":"https:\/\/rdnews.al\/index.php\/wp-json\/wp\/v2\/posts\/117968\/revisions\/117970"}],"wp:featuredmedia":[{"embeddable":true,"href":"https:\/\/rdnews.al\/index.php\/wp-json\/wp\/v2\/media\/117969"}],"wp:attachment":[{"href":"https:\/\/rdnews.al\/index.php\/wp-json\/wp\/v2\/media?parent=117968"}],"wp:term":[{"taxonomy":"category","embeddable":true,"href":"https:\/\/rdnews.al\/index.php\/wp-json\/wp\/v2\/categories?post=117968"},{"taxonomy":"post_tag","embeddable":true,"href":"https:\/\/rdnews.al\/index.php\/wp-json\/wp\/v2\/tags?post=117968"}],"curies":[{"name":"wp","href":"https:\/\/api.w.org\/{rel}","templated":true}]}}