{"id":117978,"date":"2025-07-02T18:41:57","date_gmt":"2025-07-02T18:41:57","guid":{"rendered":"https:\/\/rdnews.al\/?p=117978"},"modified":"2025-07-02T18:41:57","modified_gmt":"2025-07-02T18:41:57","slug":"ilir-meta-thirret-para-gjyqit-ushtarak-dha-interviste-per-mediat-pas-20-ditesh-i-lejohet-te-takoje-vajzat-por-jo-djalin","status":"publish","type":"post","link":"https:\/\/rdnews.al\/index.php\/2025\/07\/02\/ilir-meta-thirret-para-gjyqit-ushtarak-dha-interviste-per-mediat-pas-20-ditesh-i-lejohet-te-takoje-vajzat-por-jo-djalin\/","title":{"rendered":"Ilir Meta thirret para \u2018gjyqit ushtarak\u2019, dha intervist\u00eb p\u00ebr mediat, pas 20 dit\u00ebsh i lejohet t\u00eb takoj\u00eb vajzat, por jo djalin"},"content":{"rendered":"<p>\ud835\udc0d\ud835\udc20\ud835\udc1a \ud835\udc27\ud835\udc1e\ud835\udc2c\ud835\udc1e\u0308\ud835\udc2b, \ud835\udc24\ud835\udc28\ud835\udc26\ud835\udc2e\ud835\udc27\ud835\udc22\ud835\udc24\ud835\udc22\ud835\udc26 \ud835\udc2d\ud835\udc1e\u0308 \ud835\udc2b\ud835\udc22 \ud835\udc26\ud835\udc1e \ud835\udc29\ud835\udc2e\ud835\udc1b\ud835\udc25\ud835\udc22\ud835\udc24\ud835\udc2e\ud835\udc27: \ud835\udc0b\ud835\udc1e\ud835\udc2d\ud835\udc2b\ud835\udc1a \ud835\udc2d\ud835\udc1e\u0308 \ud835\udc21\ud835\udc1a\ud835\udc29\ud835\udc2e\ud835\udc2b\ud835\udc1a!<\/p>\n<p>T\u00eb dashur miq,<br \/>\nSot u thirra s\u00ebrish para nj\u00eb Komisioni Disiplinor, si gjyq ushtarak, p\u00ebr nj\u00eb gabim \u201cshum\u00eb t\u00eb r\u00ebnd\u00eb\u201d: Dje dhash\u00eb nj\u00eb intervist\u00eb n\u00eb mesdit\u00eb p\u00ebr gazetaren Aida Tancica n\u00eb MCN TV, nga telefoni i Avokatit tim, Kujtim Cakrani.<br \/>\nKur her\u00ebn e par\u00eb fola me gazetaren Beti Njuma, m\u00eb than\u00eb ke shkelur rregulloren se ke folur pas or\u00ebs 20:00, nd\u00ebrkoh\u00eb sot u thirra nga \u201cDisiplina\u201d p\u00ebr arsyen e v\u00ebrtet\u00eb, se nuk duan t\u00eb komunikoj me gazetar\u00ebt.<br \/>\n\u00c7far\u00eb dallkauk\u00ebsh! Mir\u00eb q\u00eb ping-pongun ma kan\u00eb ndaluar, por tani duan t\u00eb m\u00eb ndalojn\u00eb edhe lirin\u00eb e fjal\u00ebs.<br \/>\nNuk mbaron me kaq.<br \/>\nPo sot, m\u00eb n\u00eb fund pas 20 dit\u00ebsh, m\u00eb lan\u00eb t\u00eb takohesha me motr\u00ebn dhe dy nga tre f\u00ebmij\u00ebt. U m\u00ebrzita fillimisht kur n\u00eb takim pash\u00eb vet\u00ebm motr\u00ebn dhe dy vajzat, por jo djalin.<br \/>\nM\u00eb sqaruan se Besi po priste jasht\u00eb se rregullorja nuk lejon m\u00eb shum\u00eb se 3 veta n\u00eb takim, kur nd\u00ebrkoh\u00eb gjat\u00eb 8 muajve, n\u00eb nj\u00eb takim n\u00eb jav\u00eb q\u00eb kam b\u00ebr\u00eb me familjar\u00ebt, si\u00e7do i paraburgosur tjet\u00ebr, i kam takuar t\u00eb 4-\u00ebt bashk\u00eb.<br \/>\nN\u00eb k\u00ebto kushte, kur masat represive p\u00ebrforcohen \u00e7do dit\u00eb me risi, kam vendosur t\u00eb realizoj nj\u00eb form\u00eb t\u00eb re komunikimi me publikun, me letra t\u00eb hapura.<br \/>\nNes\u00ebr, letra e par\u00eb e hapur, do t\u00eb jet\u00eb p\u00ebr Z. Arben Ahmetaj.<\/p>\n","protected":false},"excerpt":{"rendered":"<p>\ud835\udc0d\ud835\udc20\ud835\udc1a \ud835\udc27\ud835\udc1e\ud835\udc2c\ud835\udc1e\u0308\ud835\udc2b, \ud835\udc24\ud835\udc28\ud835\udc26\ud835\udc2e\ud835\udc27\ud835\udc22\ud835\udc24\ud835\udc22\ud835\udc26 \ud835\udc2d\ud835\udc1e\u0308 \ud835\udc2b\ud835\udc22 \ud835\udc26\ud835\udc1e \ud835\udc29\ud835\udc2e\ud835\udc1b\ud835\udc25\ud835\udc22\ud835\udc24\ud835\udc2e\ud835\udc27: \ud835\udc0b\ud835\udc1e\ud835\udc2d\ud835\udc2b\ud835\udc1a \ud835\udc2d\ud835\udc1e\u0308 \ud835\udc21\ud835\udc1a\ud835\udc29\ud835\udc2e\ud835\udc2b\ud835\udc1a! T\u00eb dashur miq, Sot u thirra s\u00ebrish para nj\u00eb Komisioni Disiplinor, si gjyq ushtarak, p\u00ebr nj\u00eb gabim \u201cshum\u00eb t\u00eb r\u00ebnd\u00eb\u201d: Dje dhash\u00eb nj\u00eb intervist\u00eb n\u00eb mesdit\u00eb p\u00ebr gazetaren Aida Tancica n\u00eb MCN TV, nga telefoni i Avokatit tim, Kujtim Cakrani. Kur her\u00ebn e par\u00eb fola &hellip;<\/p>\n","protected":false},"author":3,"featured_media":117979,"comment_status":"closed","ping_status":"closed","sticky":false,"template":"","format":"standard","meta":{"footnotes":""},"categories":[37],"tags":[],"class_list":["post-117978","post","type-post","status-publish","format-standard","has-post-thumbnail","","category-politike"],"_links":{"self":[{"href":"https:\/\/rdnews.al\/index.php\/wp-json\/wp\/v2\/posts\/117978","targetHints":{"allow":["GET"]}}],"collection":[{"href":"https:\/\/rdnews.al\/index.php\/wp-json\/wp\/v2\/posts"}],"about":[{"href":"https:\/\/rdnews.al\/index.php\/wp-json\/wp\/v2\/types\/post"}],"author":[{"embeddable":true,"href":"https:\/\/rdnews.al\/index.php\/wp-json\/wp\/v2\/users\/3"}],"replies":[{"embeddable":true,"href":"https:\/\/rdnews.al\/index.php\/wp-json\/wp\/v2\/comments?post=117978"}],"version-history":[{"count":1,"href":"https:\/\/rdnews.al\/index.php\/wp-json\/wp\/v2\/posts\/117978\/revisions"}],"predecessor-version":[{"id":117980,"href":"https:\/\/rdnews.al\/index.php\/wp-json\/wp\/v2\/posts\/117978\/revisions\/117980"}],"wp:featuredmedia":[{"embeddable":true,"href":"https:\/\/rdnews.al\/index.php\/wp-json\/wp\/v2\/media\/117979"}],"wp:attachment":[{"href":"https:\/\/rdnews.al\/index.php\/wp-json\/wp\/v2\/media?parent=117978"}],"wp:term":[{"taxonomy":"category","embeddable":true,"href":"https:\/\/rdnews.al\/index.php\/wp-json\/wp\/v2\/categories?post=117978"},{"taxonomy":"post_tag","embeddable":true,"href":"https:\/\/rdnews.al\/index.php\/wp-json\/wp\/v2\/tags?post=117978"}],"curies":[{"name":"wp","href":"https:\/\/api.w.org\/{rel}","templated":true}]}}