{"id":117984,"date":"2025-07-02T19:00:09","date_gmt":"2025-07-02T19:00:09","guid":{"rendered":"https:\/\/rdnews.al\/?p=117984"},"modified":"2025-07-02T20:14:33","modified_gmt":"2025-07-02T20:14:33","slug":"zjarrin-ne-elbasan-i-qellimshem-gazetari-duan-te-fshehin-150-milion-euro","status":"publish","type":"post","link":"https:\/\/rdnews.al\/index.php\/2025\/07\/02\/zjarrin-ne-elbasan-i-qellimshem-gazetari-duan-te-fshehin-150-milion-euro\/","title":{"rendered":"\u201cZjarri n\u00eb Elbasan i q\u00ebllimsh\u00ebm\u201d\/ Gazetari: Duan t\u00eb fshehin 150 milion euro&#8230;"},"content":{"rendered":"<p>Gazetari, Enton Abilekaj, ka deklaruar se zjarri n\u00eb Elbasan n\u00eb nj\u00eb fush\u00ebn e mbetjeve \u00ebsht\u00eb v\u00ebn\u00eb me urdh\u00ebr t\u00eb qeverisjes lokale.<\/p>\n<p>Abilekaj theksoi se, zjarret vihen nga qeveria vet\u00ebm me synimin p\u00ebr t\u00eb fshehur 150 milion\u00eb d\u00ebshtim p\u00ebr projektet e inceneratorit, ku sipas tij, i jan\u00eb marr\u00eb qytetar\u00ebve shqiptar\u00eb.<\/p>\n<p>\u201cMendoj se kjo \u00ebsht\u00eb d\u00ebshtimi i nj\u00eb politike q\u00eb kushtoi 150 milion\u00eb euro deri tani, p\u00ebr emergjenc\u00ebn mjedisore q\u00eb u shpall n\u00eb 2017. N\u00ebse ju kujtohet, kur k\u00ebshilli bashkiak i Elbasanit shpalli emergjenc\u00ebn mjedisore p\u00ebr her\u00eb t\u00eb par\u00eb n\u00eb histori n\u00eb Shqip\u00ebri. E cila krijoi nevoj\u00ebn p\u00ebr inceneratorin e par\u00eb, pastaj inceneratori i dyt\u00eb n\u00eb Fier dhe inceneratori i tret\u00eb n\u00eb Tiran\u00eb q\u00eb ishte koncension.<\/p>\n<p>T\u00eb treja ishin projekte t\u00eb d\u00ebshtuara q\u00eb i kushtuan shtetit shqiptar, taksave tona, parave tona, ne paguam rreth 150 milion\u00eb euro minimumi p\u00ebr ato.<\/p>\n<p>Dhe sot \u00e7far\u00eb kemi? Kemi nj\u00eb stil t\u00eb koordinuar t\u00eb pushtetit lokal, p\u00ebr takimin e mbetjeve si\u00e7 \u00ebsht\u00eb stili i korndinuar i mbetjeve \u00ebsht\u00eb dhe stili i mbetjeve.<\/p>\n<p>Nd\u00ebrkoh\u00eb q\u00eb \u00ebsht\u00eb e qart\u00eb fare mir\u00eb q\u00eb kjo \u00ebsht\u00eb politika e qeverisjes p\u00ebr t\u00eb fshehur d\u00ebshtimin e 150 milion\u00eb eurosh. Pra p\u00ebr t\u00eb fshehur 150 milion\u00eb euro t\u00eb humbura, d\u00ebshtimin p\u00ebr emergjenc\u00ebn mjedisore, shkaktimin e nj\u00eb emergjence mjedisore n\u00eb t\u00eb gjith\u00eb Shqip\u00ebrin\u00eb.<\/p>\n<p>Ne sot kemi zjarrin, n\u00eb t\u00eb gjith\u00eb qytetet kryesore t\u00eb vendit, q\u00eb prodhojn\u00eb m\u00eb shum\u00eb mbetje.<\/p>\n<p>\u00cbsht\u00eb e qart\u00eb shum\u00eb mir\u00eb se kush i vendos, q\u00eb k\u00ebto zjarre vihen me urdh\u00ebr t\u00eb atyre q\u00eb qeverisin. T\u00eb shkosh n\u00eb Shijak, n\u00ebse ju kujtohet me Piranjat, kjo ngjarje e tregon fare qart\u00eb se kush \u00ebsht\u00eb autori, i k\u00ebtyre zjarreve. Piranjat shkuan n\u00eb Shijak pan\u00eb n\u00eb Hardhisht\u00ebs, se ku depozitoheshin mbetjet e paguara prej Bashkis\u00eb p\u00ebr t\u00eb depozituar mbetjet. N\u00eb landfillin e Sharr\u00ebs ku supozohej t\u00eb ishte nj\u00eb inceneratori i cili nuk \u00ebsht\u00eb, dhe q\u00eb aty ndodhi q\u00eb kjo tarif\u00eb paguhej tashm\u00eb por mbetjet hidheshin n\u00eb Hardhisht\u00eb.<\/p>\n<p>Dhe kur Piranjat shkuan tek kryetari i Bashkis\u00eb b\u00ebnte sikur nuk e dinte q\u00eb plehrat ishin depozituar n\u00eb Hardhisht\u00eb. Dhe kjo pacip\u00ebri e paturpshme vijoi n\u00eb Hardhisht\u00eb q\u00eb helmoi gjith\u00eb zonat p\u00ebrreth.<\/p>\n<p>E nj\u00ebjta gj\u00eb ndodhi n\u00eb Vlor\u00eb pastaj, ku gjoja Bashkia e Vlor\u00ebs prej tre vjet\u00ebsh rresht d\u00ebshtimi t\u00eb djegies s\u00eb plehrave n\u00eb nj\u00eb landfill t\u00eb palegjitimuar, vendosi m\u00eb n\u00eb fund t\u00eb ndryshonte Landfillin. Kjo ndodhi n\u00eb Durr\u00ebs, ndodh n\u00eb Elbasan, ndodh n\u00eb Tiran\u00eb. Pra t\u00eb gjitha landfillet t\u00eb p\u00ebrfshira nga zjarret, t\u00eb cil\u00ebt nuk dihet kush i ka v\u00ebn\u00eb. Zjarret djegin 130 milion\u00eb euro t\u00eb paguara nga Shqiptar\u00ebt, p\u00ebr nj\u00eb projekt korruptiv\u201d, tha Abilekaj.<\/p>\n","protected":false},"excerpt":{"rendered":"<p>Gazetari, Enton Abilekaj, ka deklaruar se zjarri n\u00eb Elbasan n\u00eb nj\u00eb fush\u00ebn e mbetjeve \u00ebsht\u00eb v\u00ebn\u00eb me urdh\u00ebr t\u00eb qeverisjes lokale. Abilekaj theksoi se, zjarret vihen nga qeveria vet\u00ebm me synimin p\u00ebr t\u00eb fshehur 150 milion\u00eb d\u00ebshtim p\u00ebr projektet e inceneratorit, ku sipas tij, i jan\u00eb marr\u00eb qytetar\u00ebve shqiptar\u00eb. \u201cMendoj se kjo \u00ebsht\u00eb d\u00ebshtimi i &hellip;<\/p>\n","protected":false},"author":4,"featured_media":42767,"comment_status":"closed","ping_status":"closed","sticky":false,"template":"","format":"standard","meta":{"footnotes":""},"categories":[37],"tags":[],"class_list":["post-117984","post","type-post","status-publish","format-standard","has-post-thumbnail","","category-politike"],"_links":{"self":[{"href":"https:\/\/rdnews.al\/index.php\/wp-json\/wp\/v2\/posts\/117984","targetHints":{"allow":["GET"]}}],"collection":[{"href":"https:\/\/rdnews.al\/index.php\/wp-json\/wp\/v2\/posts"}],"about":[{"href":"https:\/\/rdnews.al\/index.php\/wp-json\/wp\/v2\/types\/post"}],"author":[{"embeddable":true,"href":"https:\/\/rdnews.al\/index.php\/wp-json\/wp\/v2\/users\/4"}],"replies":[{"embeddable":true,"href":"https:\/\/rdnews.al\/index.php\/wp-json\/wp\/v2\/comments?post=117984"}],"version-history":[{"count":2,"href":"https:\/\/rdnews.al\/index.php\/wp-json\/wp\/v2\/posts\/117984\/revisions"}],"predecessor-version":[{"id":117986,"href":"https:\/\/rdnews.al\/index.php\/wp-json\/wp\/v2\/posts\/117984\/revisions\/117986"}],"wp:featuredmedia":[{"embeddable":true,"href":"https:\/\/rdnews.al\/index.php\/wp-json\/wp\/v2\/media\/42767"}],"wp:attachment":[{"href":"https:\/\/rdnews.al\/index.php\/wp-json\/wp\/v2\/media?parent=117984"}],"wp:term":[{"taxonomy":"category","embeddable":true,"href":"https:\/\/rdnews.al\/index.php\/wp-json\/wp\/v2\/categories?post=117984"},{"taxonomy":"post_tag","embeddable":true,"href":"https:\/\/rdnews.al\/index.php\/wp-json\/wp\/v2\/tags?post=117984"}],"curies":[{"name":"wp","href":"https:\/\/api.w.org\/{rel}","templated":true}]}}