{"id":117989,"date":"2025-07-03T08:23:37","date_gmt":"2025-07-03T08:23:37","guid":{"rendered":"https:\/\/rdnews.al\/?p=117989"},"modified":"2025-07-03T08:23:37","modified_gmt":"2025-07-03T08:23:37","slug":"landfilli-i-elbasanit-ne-flake-gazetari-zjarri-u-ndez-tre-dite-pasi-nisi-hetimi-ndaj-eco-alb","status":"publish","type":"post","link":"https:\/\/rdnews.al\/index.php\/2025\/07\/03\/landfilli-i-elbasanit-ne-flake-gazetari-zjarri-u-ndez-tre-dite-pasi-nisi-hetimi-ndaj-eco-alb\/","title":{"rendered":"Landfilli i Elbasanit n\u00eb flak\u00eb\/ Gazetari: Zjarri u ndez tre dit\u00eb pasi nisi hetimi ndaj \u201cEco Alb\u201d"},"content":{"rendered":"<p>Gazetari Dritan La\u00e7i i ftuar n\u00eb emisionin \u2018\u2019Ora e Betit\u2019\u2019 u shpreh se vend depozitimi i mbetjeve n\u00eb Elbasan duhet t\u00eb ishte nj\u00eb sken\u00eb krimi sot.<\/p>\n<p>La\u00e7i:\u00a0Me nj\u00eb hetim kryesisht SPAK mund ta marr\u00eb n\u00eb zot\u00ebrim k\u00ebt\u00eb dosje.<\/p>\n<p>Pra edhe prokuroria e Elbasanit mund t\u00eb shpall\u00eb moskompetenc\u00ebn e vet p\u00ebrsa i p\u00ebrket hetimeve.<\/p>\n<p>Vend depozitimi i mbetjeve n\u00eb Elbasan duhet t\u00eb ishte nj\u00eb sken\u00eb krimi e gjitha.<\/p>\n<p>Vet\u00eb fakti q\u00eb vatra e zjarrit nis n\u00eb qend\u00ebr t\u00eb saj, t\u00eb l\u00eb gjithmon\u00eb dyshimin se mund t\u00eb kemi t\u00eb b\u00ebjm\u00eb me nj\u00eb piromani t\u00eb q\u00ebllimshme.<\/p>\n<p>Dhe kjo ndodh menj\u00ebher\u00eb pasi nis nj\u00eb hetim ndaj \u2018Eco Alb\u2019.<\/p>\n<p>Pra tre dit\u00eb pasi nis nj\u00eb hetim ndaj \u2018Eco Alb\u2019, ka nj\u00eb zjarrv\u00ebnie t\u00eb till\u00eb.<\/p>\n<p>E cila n\u00eb fakt nuk \u00ebsht\u00eb e para q\u00eb ndodh n\u00eb Elbasan.<\/p>\n<p>Pavar\u00ebsisht se kjo nuk \u00ebsht\u00eb vet\u00ebm situata n\u00eb Elbasan. Sepse kjo situat\u00eb \u00ebsht\u00eb edhe n\u00eb Vlor\u00eb.<\/p>\n<p>Kjo situat\u00eb para 2 vitesh ishte edhe n\u00eb Fier.<\/p>\n<p>Nj\u00eb situat\u00eb e till\u00eb \u00ebsht\u00eb edhe n\u00eb landfillin e Tiran\u00ebs.<\/p>\n","protected":false},"excerpt":{"rendered":"<p>Gazetari Dritan La\u00e7i i ftuar n\u00eb emisionin \u2018\u2019Ora e Betit\u2019\u2019 u shpreh se vend depozitimi i mbetjeve n\u00eb Elbasan duhet t\u00eb ishte nj\u00eb sken\u00eb krimi sot. La\u00e7i:\u00a0Me nj\u00eb hetim kryesisht SPAK mund ta marr\u00eb n\u00eb zot\u00ebrim k\u00ebt\u00eb dosje. Pra edhe prokuroria e Elbasanit mund t\u00eb shpall\u00eb moskompetenc\u00ebn e vet p\u00ebrsa i p\u00ebrket hetimeve. Vend depozitimi &hellip;<\/p>\n","protected":false},"author":4,"featured_media":117932,"comment_status":"closed","ping_status":"closed","sticky":false,"template":"","format":"standard","meta":{"footnotes":""},"categories":[37],"tags":[],"class_list":["post-117989","post","type-post","status-publish","format-standard","has-post-thumbnail","","category-politike"],"_links":{"self":[{"href":"https:\/\/rdnews.al\/index.php\/wp-json\/wp\/v2\/posts\/117989","targetHints":{"allow":["GET"]}}],"collection":[{"href":"https:\/\/rdnews.al\/index.php\/wp-json\/wp\/v2\/posts"}],"about":[{"href":"https:\/\/rdnews.al\/index.php\/wp-json\/wp\/v2\/types\/post"}],"author":[{"embeddable":true,"href":"https:\/\/rdnews.al\/index.php\/wp-json\/wp\/v2\/users\/4"}],"replies":[{"embeddable":true,"href":"https:\/\/rdnews.al\/index.php\/wp-json\/wp\/v2\/comments?post=117989"}],"version-history":[{"count":1,"href":"https:\/\/rdnews.al\/index.php\/wp-json\/wp\/v2\/posts\/117989\/revisions"}],"predecessor-version":[{"id":117990,"href":"https:\/\/rdnews.al\/index.php\/wp-json\/wp\/v2\/posts\/117989\/revisions\/117990"}],"wp:featuredmedia":[{"embeddable":true,"href":"https:\/\/rdnews.al\/index.php\/wp-json\/wp\/v2\/media\/117932"}],"wp:attachment":[{"href":"https:\/\/rdnews.al\/index.php\/wp-json\/wp\/v2\/media?parent=117989"}],"wp:term":[{"taxonomy":"category","embeddable":true,"href":"https:\/\/rdnews.al\/index.php\/wp-json\/wp\/v2\/categories?post=117989"},{"taxonomy":"post_tag","embeddable":true,"href":"https:\/\/rdnews.al\/index.php\/wp-json\/wp\/v2\/tags?post=117989"}],"curies":[{"name":"wp","href":"https:\/\/api.w.org\/{rel}","templated":true}]}}