{"id":117993,"date":"2025-07-03T08:41:40","date_gmt":"2025-07-03T08:41:40","guid":{"rendered":"https:\/\/rdnews.al\/?p=117993"},"modified":"2025-07-03T08:41:40","modified_gmt":"2025-07-03T08:41:40","slug":"deputetja-e-pd-nis-te-flase-per-zjarrin-ne-landfillin-e-elbasanit-spiropali-i-fik-mikrofonin","status":"publish","type":"post","link":"https:\/\/rdnews.al\/index.php\/2025\/07\/03\/deputetja-e-pd-nis-te-flase-per-zjarrin-ne-landfillin-e-elbasanit-spiropali-i-fik-mikrofonin\/","title":{"rendered":"Deputetja e PD nis t\u00eb flas\u00eb p\u00ebr zjarrin n\u00eb Landfillin e Elbasanit, Spiropali i fik mikrofonin!"},"content":{"rendered":"<p>N\u00eb nisje t\u00eb seanc\u00ebs parlamentare, deputetja e Partis\u00eb Demokratike e qarkut t\u00eb Elbasanit ka k\u00ebrkuar t\u00eb diskutojn\u00eb p\u00ebr katastrof\u00ebn mjedisore q\u00eb po ndodh n\u00eb landfillin e Elbasanit, ku po digjen prej tre dit\u00ebsh mbetjet s\u00eb bashku me inceneratorin.<\/p>\n<p>&#8220;Mora fjal\u00ebn p\u00ebr t\u00eb ngritur nj\u00eb problem shum\u00eb alarmant q\u00eb po ndodh n\u00eb Elbasan. Zjarri n\u00eb fush\u00ebn e mbetjeve n\u00eb Elbasan \u00ebsht\u00eb nj\u00eb alarm i p\u00ebr gjendjen dramatike t\u00eb mjedisit q\u00eb vjen sipasoj\u00eb e d\u00ebshtimit spektakolar t\u00eb inceneratorit, nj\u00eb investim prej 27 milion\u00eb eurosh q\u00eb nuk ka funksionuar asnj\u00ebher\u00eb si\u00e7 duhet&#8230;&#8221; &#8211; (nd\u00ebrpritet nga Spiropali fjala)<\/p>\n<p>Por deputetja e opozit\u00ebs \u00ebsht\u00eb nd\u00ebrprer\u00eb n\u00eb m\u00ebnyr\u00eb arbitrare nda kryeparlamentarja Spiropali duke i fiku mikrofonin duke u arsyetuar se kjo \u00e7\u00ebshtje nuk \u00ebsht\u00eb n\u00eb rendin e dit\u00ebs.<\/p>\n<p>Pra, p\u00ebr Mamic\u00ebn e incenerator\u00ebve, katastrofa mjedisore q\u00eb po ndodh n\u00eb Elbasan nuk \u00ebsht\u00eb \u00e7\u00ebshtje dite.<\/p>\n","protected":false},"excerpt":{"rendered":"<p>N\u00eb nisje t\u00eb seanc\u00ebs parlamentare, deputetja e Partis\u00eb Demokratike e qarkut t\u00eb Elbasanit ka k\u00ebrkuar t\u00eb diskutojn\u00eb p\u00ebr katastrof\u00ebn mjedisore q\u00eb po ndodh n\u00eb landfillin e Elbasanit, ku po digjen prej tre dit\u00ebsh mbetjet s\u00eb bashku me inceneratorin. &#8220;Mora fjal\u00ebn p\u00ebr t\u00eb ngritur nj\u00eb problem shum\u00eb alarmant q\u00eb po ndodh n\u00eb Elbasan. Zjarri n\u00eb fush\u00ebn &hellip;<\/p>\n","protected":false},"author":4,"featured_media":9455,"comment_status":"closed","ping_status":"closed","sticky":false,"template":"","format":"standard","meta":{"footnotes":""},"categories":[37],"tags":[],"class_list":["post-117993","post","type-post","status-publish","format-standard","has-post-thumbnail","","category-politike"],"_links":{"self":[{"href":"https:\/\/rdnews.al\/index.php\/wp-json\/wp\/v2\/posts\/117993","targetHints":{"allow":["GET"]}}],"collection":[{"href":"https:\/\/rdnews.al\/index.php\/wp-json\/wp\/v2\/posts"}],"about":[{"href":"https:\/\/rdnews.al\/index.php\/wp-json\/wp\/v2\/types\/post"}],"author":[{"embeddable":true,"href":"https:\/\/rdnews.al\/index.php\/wp-json\/wp\/v2\/users\/4"}],"replies":[{"embeddable":true,"href":"https:\/\/rdnews.al\/index.php\/wp-json\/wp\/v2\/comments?post=117993"}],"version-history":[{"count":1,"href":"https:\/\/rdnews.al\/index.php\/wp-json\/wp\/v2\/posts\/117993\/revisions"}],"predecessor-version":[{"id":117994,"href":"https:\/\/rdnews.al\/index.php\/wp-json\/wp\/v2\/posts\/117993\/revisions\/117994"}],"wp:featuredmedia":[{"embeddable":true,"href":"https:\/\/rdnews.al\/index.php\/wp-json\/wp\/v2\/media\/9455"}],"wp:attachment":[{"href":"https:\/\/rdnews.al\/index.php\/wp-json\/wp\/v2\/media?parent=117993"}],"wp:term":[{"taxonomy":"category","embeddable":true,"href":"https:\/\/rdnews.al\/index.php\/wp-json\/wp\/v2\/categories?post=117993"},{"taxonomy":"post_tag","embeddable":true,"href":"https:\/\/rdnews.al\/index.php\/wp-json\/wp\/v2\/tags?post=117993"}],"curies":[{"name":"wp","href":"https:\/\/api.w.org\/{rel}","templated":true}]}}