{"id":117998,"date":"2025-07-03T08:50:31","date_gmt":"2025-07-03T08:50:31","guid":{"rendered":"https:\/\/rdnews.al\/?p=117998"},"modified":"2025-07-03T08:50:31","modified_gmt":"2025-07-03T08:50:31","slug":"opozita-kerkon-debat-per-inceneratoret-tabaku-kuvendi-te-marre-pergjegjesine-per-3-kontrata-korruptive","status":"publish","type":"post","link":"https:\/\/rdnews.al\/index.php\/2025\/07\/03\/opozita-kerkon-debat-per-inceneratoret-tabaku-kuvendi-te-marre-pergjegjesine-per-3-kontrata-korruptive\/","title":{"rendered":"Opozita k\u00ebrkon debat p\u00ebr incenerator\u00ebt, Tabaku: Kuvendi t\u00eb marr\u00eb p\u00ebrgjegj\u00ebsin\u00eb p\u00ebr 3 kontrata korruptive"},"content":{"rendered":"<p>Seanca e sotme plenare nisi me tensione mes kryetares s\u00eb Kuvendit Elisa Spiropali dhe deputetes demokrate Zheni Gjergji, e cila ceku \u00e7\u00ebshtjen e zjarrit pran\u00eb inceneratorit t\u00eb Elbasanit.<\/p>\n<p>Gjithashtu deputetja demokrate, Jorida Tabaku k\u00ebrkoi debat parlamentar p\u00ebr 3 incenerator\u00ebt Fier, Elbasan, Tiran\u00eb q\u00eb ende sot e k\u00ebsaj dite nuk funksionojn\u00eb.<\/p>\n<p>Tabaku k\u00ebrkoi q\u00eb si Kuvendi, si Ministri i Financave dhe instancat e p\u00ebrfshira, t\u00eb mbajn\u00eb p\u00ebrgjegj\u00ebsi n\u00eb lidhje me incenerator\u00ebt q\u00eb nuk funksionojn\u00eb si dhe pse vijojn\u00eb t\u00eb paguhen nga parat\u00eb e taksapaguesve shqiptar\u00eb.<\/p>\n<p><strong>Tabaku:<\/strong>\u00a0Debat parlamentar p\u00ebr at\u00eb q\u00eb ndodhi n\u00eb Elbasan, \u00ebsht\u00eb e nevojshme q\u00eb hetimi prej 430 mln eurosh, korruptive n\u00eb fakt i incenerator\u00ebve t\u00eb Elbasanit, Fierit dhe Tiran\u00ebs ta vazhdoj\u00eb diskutimin duke q\u00ebn\u00eb se \u00e7\u00ebshtja nuk \u00ebsht\u00eb mbyllur.<\/p>\n<p>Ne e kemi nis k\u00ebt\u00eb debat q\u00eb n\u00eb 2017, sot ndodhemi para faktit q\u00eb asnj\u00eb nga incenerator\u00ebt nuk punon.<\/p>\n<p>Kuvendi duhet t\u00eb marr\u00eb p\u00ebrgjegj\u00ebsin\u00eb p\u00ebr 3 kontrata korruptive q\u00eb vazhdojn\u00eb dhe paguajn\u00eb akoma.<\/p>\n<p><strong>Spiropali:<\/strong>\u00a0B\u00ebni k\u00ebrkesa sipas rregullores, jo duke u ngritur k\u00ebtu e t\u00eb b\u00ebni propagand\u00ebs e radh\u00ebs.<\/p>\n","protected":false},"excerpt":{"rendered":"<p>Seanca e sotme plenare nisi me tensione mes kryetares s\u00eb Kuvendit Elisa Spiropali dhe deputetes demokrate Zheni Gjergji, e cila ceku \u00e7\u00ebshtjen e zjarrit pran\u00eb inceneratorit t\u00eb Elbasanit. Gjithashtu deputetja demokrate, Jorida Tabaku k\u00ebrkoi debat parlamentar p\u00ebr 3 incenerator\u00ebt Fier, Elbasan, Tiran\u00eb q\u00eb ende sot e k\u00ebsaj dite nuk funksionojn\u00eb. Tabaku k\u00ebrkoi q\u00eb si Kuvendi, &hellip;<\/p>\n","protected":false},"author":4,"featured_media":117999,"comment_status":"closed","ping_status":"closed","sticky":false,"template":"","format":"standard","meta":{"footnotes":""},"categories":[37],"tags":[],"class_list":["post-117998","post","type-post","status-publish","format-standard","has-post-thumbnail","","category-politike"],"_links":{"self":[{"href":"https:\/\/rdnews.al\/index.php\/wp-json\/wp\/v2\/posts\/117998","targetHints":{"allow":["GET"]}}],"collection":[{"href":"https:\/\/rdnews.al\/index.php\/wp-json\/wp\/v2\/posts"}],"about":[{"href":"https:\/\/rdnews.al\/index.php\/wp-json\/wp\/v2\/types\/post"}],"author":[{"embeddable":true,"href":"https:\/\/rdnews.al\/index.php\/wp-json\/wp\/v2\/users\/4"}],"replies":[{"embeddable":true,"href":"https:\/\/rdnews.al\/index.php\/wp-json\/wp\/v2\/comments?post=117998"}],"version-history":[{"count":1,"href":"https:\/\/rdnews.al\/index.php\/wp-json\/wp\/v2\/posts\/117998\/revisions"}],"predecessor-version":[{"id":118000,"href":"https:\/\/rdnews.al\/index.php\/wp-json\/wp\/v2\/posts\/117998\/revisions\/118000"}],"wp:featuredmedia":[{"embeddable":true,"href":"https:\/\/rdnews.al\/index.php\/wp-json\/wp\/v2\/media\/117999"}],"wp:attachment":[{"href":"https:\/\/rdnews.al\/index.php\/wp-json\/wp\/v2\/media?parent=117998"}],"wp:term":[{"taxonomy":"category","embeddable":true,"href":"https:\/\/rdnews.al\/index.php\/wp-json\/wp\/v2\/categories?post=117998"},{"taxonomy":"post_tag","embeddable":true,"href":"https:\/\/rdnews.al\/index.php\/wp-json\/wp\/v2\/tags?post=117998"}],"curies":[{"name":"wp","href":"https:\/\/api.w.org\/{rel}","templated":true}]}}