{"id":118071,"date":"2025-07-03T13:04:33","date_gmt":"2025-07-03T13:04:33","guid":{"rendered":"https:\/\/rdnews.al\/?p=118071"},"modified":"2025-07-03T13:07:16","modified_gmt":"2025-07-03T13:07:16","slug":"pas-tiranes-rama-behet-edhe-kryebashkiak-i-vlores-shkarkon-te-gjithe-drejtoret","status":"publish","type":"post","link":"https:\/\/rdnews.al\/index.php\/2025\/07\/03\/pas-tiranes-rama-behet-edhe-kryebashkiak-i-vlores-shkarkon-te-gjithe-drejtoret\/","title":{"rendered":"Pas Tiran\u00ebs, Rama b\u00ebhet edhe kryebashkiak i Vlor\u00ebs, shkarkon t\u00eb gjith\u00eb drejtor\u00ebt"},"content":{"rendered":"<p><strong>Pas Tiran\u00ebs, Rama \u00ebsht\u00eb b\u00ebr\u00eb edhe kryebashkiak i Vlor\u00ebs. Pas shkarkimit t\u00eb t\u00eb gjith\u00eb drejtor\u00ebve t\u00eb Bashkis\u00eb s\u00eb Tiran\u00ebs, Rama sot shkarkoi edhe t\u00eb gjith\u00eb drejtor\u00ebt e Bashkis\u00eb s\u00eb Vlor\u00ebs duke u vet\u00ebshpallur edhe kryebashkiak i k\u00ebtij qyteti. Tashm\u00eb \u00ebsht\u00eb e qart\u00eb se t\u00eb gjitha pushtete jan\u00eb n\u00eb dor\u00ebn e nj\u00eb personi. <\/strong><\/p>\n<p>Rama ka shkaruar t\u00eb gjith\u00eb drejtor\u00ebt e Bashkis\u00eb Vlor\u00eb, si dhe ka b\u00ebr\u00eb disa ndryshime brenda struktur\u00ebs s\u00eb Partis\u00eb Socialiste n\u00eb qarkun e Vlor\u00ebs.\u00a0Kandidati p\u00ebr deputet, i cili nuk hyri n\u00eb listat fituese, Klevis Kaso, u em\u00ebrua kryetar i PS n\u00eb Vlor\u00eb, nd\u00ebrsa deputetja Eriona Ismaili tashm\u00eb do t\u00eb jet\u00eb bashk\u00ebkryetare e k\u00ebsaj force politike.<\/p>\n<p><em>\u201cQ\u00eb nga ky moment, t\u00eb gjith\u00eb jeni t\u00eb shkarkuar. Kryetari i Bashkis\u00eb duhet t\u00eb firmos\u00eb menj\u00ebher\u00eb shkarkimet\u201d<\/em>, m\u00ebsohet t\u00eb ket\u00eb deklaruar Rama n\u00eb takimin me dyer t\u00eb mbyllura.<\/p>\n<p>Ende nuk dihet se kush do t\u00eb jen\u00eb z\u00ebvend\u00ebsuesit e drejtor\u00ebve aktual\u00eb, por n\u00eb dit\u00ebt n\u00eb vijim priten zhvillime dhe em\u00ebrime t\u00eb reja n\u00eb administrat\u00ebn e qytetit.<\/p>\n","protected":false},"excerpt":{"rendered":"<p>Pas Tiran\u00ebs, Rama \u00ebsht\u00eb b\u00ebr\u00eb edhe kryebashkiak i Vlor\u00ebs. Pas shkarkimit t\u00eb t\u00eb gjith\u00eb drejtor\u00ebve t\u00eb Bashkis\u00eb s\u00eb Tiran\u00ebs, Rama sot shkarkoi edhe t\u00eb gjith\u00eb drejtor\u00ebt e Bashkis\u00eb s\u00eb Vlor\u00ebs duke u vet\u00ebshpallur edhe kryebashkiak i k\u00ebtij qyteti. Tashm\u00eb \u00ebsht\u00eb e qart\u00eb se t\u00eb gjitha pushtete jan\u00eb n\u00eb dor\u00ebn e nj\u00eb personi. Rama ka shkaruar &hellip;<\/p>\n","protected":false},"author":3,"featured_media":118072,"comment_status":"closed","ping_status":"closed","sticky":false,"template":"","format":"standard","meta":{"footnotes":""},"categories":[37],"tags":[],"class_list":["post-118071","post","type-post","status-publish","format-standard","has-post-thumbnail","","category-politike"],"_links":{"self":[{"href":"https:\/\/rdnews.al\/index.php\/wp-json\/wp\/v2\/posts\/118071","targetHints":{"allow":["GET"]}}],"collection":[{"href":"https:\/\/rdnews.al\/index.php\/wp-json\/wp\/v2\/posts"}],"about":[{"href":"https:\/\/rdnews.al\/index.php\/wp-json\/wp\/v2\/types\/post"}],"author":[{"embeddable":true,"href":"https:\/\/rdnews.al\/index.php\/wp-json\/wp\/v2\/users\/3"}],"replies":[{"embeddable":true,"href":"https:\/\/rdnews.al\/index.php\/wp-json\/wp\/v2\/comments?post=118071"}],"version-history":[{"count":2,"href":"https:\/\/rdnews.al\/index.php\/wp-json\/wp\/v2\/posts\/118071\/revisions"}],"predecessor-version":[{"id":118074,"href":"https:\/\/rdnews.al\/index.php\/wp-json\/wp\/v2\/posts\/118071\/revisions\/118074"}],"wp:featuredmedia":[{"embeddable":true,"href":"https:\/\/rdnews.al\/index.php\/wp-json\/wp\/v2\/media\/118072"}],"wp:attachment":[{"href":"https:\/\/rdnews.al\/index.php\/wp-json\/wp\/v2\/media?parent=118071"}],"wp:term":[{"taxonomy":"category","embeddable":true,"href":"https:\/\/rdnews.al\/index.php\/wp-json\/wp\/v2\/categories?post=118071"},{"taxonomy":"post_tag","embeddable":true,"href":"https:\/\/rdnews.al\/index.php\/wp-json\/wp\/v2\/tags?post=118071"}],"curies":[{"name":"wp","href":"https:\/\/api.w.org\/{rel}","templated":true}]}}