{"id":118078,"date":"2025-07-03T13:59:10","date_gmt":"2025-07-03T13:59:10","guid":{"rendered":"https:\/\/rdnews.al\/?p=118078"},"modified":"2025-07-03T13:59:10","modified_gmt":"2025-07-03T13:59:10","slug":"vjehrri-tregon-se-si-ja-punoi-dhendri-drejtor-ne-bashki-duke-e-bere-pronar-te-firmes","status":"publish","type":"post","link":"https:\/\/rdnews.al\/index.php\/2025\/07\/03\/vjehrri-tregon-se-si-ja-punoi-dhendri-drejtor-ne-bashki-duke-e-bere-pronar-te-firmes\/","title":{"rendered":"Vjehrri tregon se si ja punoi dh\u00ebndri Drejtor n\u00eb Bashki duke e b\u00ebr\u00eb pronar t\u00eb firm\u00ebs"},"content":{"rendered":"<p>Petrit Muhameti, pronar i firm\u00ebs VAS Konstruksion dhe v\u00ebllai i Mariglen Qatos, ka d\u00ebshmuar para SPAK n\u00eb lidhje me kompanin\u00eb dhe p\u00ebrfshirjen e tij n\u00eb dosjen 5D.<\/p>\n<p>Ai ka treguar se \u00ebsht\u00eb b\u00ebr\u00eb pronar i firm\u00ebs n\u00eb vitin 2016-2017, fal\u00eb ofert\u00ebs s\u00eb dh\u00ebndrit t\u00eb tij, Alfred Qatos, i cili i premtoi se nuk do t\u00eb duhej t\u00eb merrej me pun\u00ebt e p\u00ebrditshme dhe se vet\u00ebm do t\u00eb firmoste.<\/p>\n<p><em>\u201cKam n\u00eb pron\u00ebsi nj\u00eb furr\u00eb buke prej 16-17 vitesh. M\u00eb ofruan t\u00eb b\u00ebhesha pronar i VAS Konstruksion, m\u00eb than\u00eb q\u00eb \u00ebsht\u00eb nj\u00eb firm\u00eb e mir\u00eb dhe un\u00eb vet\u00ebm duhet t\u00eb firmos, nd\u00ebrsa stafi do punonte\u201d<\/em>, tha Muhameti.<\/p>\n<p>Ai shpjegoi se kishte hapur nj\u00eb llogari bankare p\u00ebr t\u00eb t\u00ebrhequr lek\u00ebt e kompanis\u00eb, ku merrte nga banka njoftime p\u00ebr shum\u00ebn q\u00eb mund t\u00eb t\u00ebrhiqte.<\/p>\n<p>Parat\u00eb q\u00eb merrte i dor\u00ebzonte tek Fred Qato, t\u00eb cilat m\u00eb pas shkonin n\u00eb ark\u00ebn e kompanis\u00eb.<\/p>\n<p><em>\u201cDy her\u00eb shkova n\u00eb bank\u00eb, pas nj\u00eb viti e shita kompanin\u00eb sepse pata nj\u00eb operacion n\u00eb zem\u00ebr dhe mjeku m\u00eb rekomandoi t\u00eb largohesha nga streset. As kur e bleva, as kur e shita, nuk mora asnj\u00eb lek\u00eb. As Nestor Muhametllarin, kur erdhi si administrator, nuk m\u00eb ka kaluar para\u201d,<\/em> shtoi ai.<\/p>\n<p>Muhameti deklaroi gjithashtu se, nuk njihte punonj\u00ebsit e kompanis\u00eb dhe kishte shkuar vet\u00ebm nj\u00eb her\u00eb n\u00eb ambientet e saj.<\/p>\n<p>P\u00ebr Eduard Met\u00ebn, ish-pronarin e IGOR Electric, tha se nuk e njihte personalisht, vet\u00ebm kishte d\u00ebgjuar q\u00eb kishte pasur at\u00eb kompani m\u00eb par\u00eb.<\/p>\n<p><em>\u201cM\u00eb kan\u00eb pyetur edhe te Byroja p\u00ebr k\u00ebt\u00eb. Nuk e njoh zoti prokuror. Nuk e di kush \u00ebsht\u00eb. Mora vesh se ky kishte kompanin\u00eb IGOR para meje, por tani e kam marr\u00eb vesh.<\/em><\/p>\n<p><em>M\u00eb tha Fredi q\u00eb hap nj\u00eb num\u00ebr llogarie. Fitimin e kompanis\u00eb do e procesonim nga banka. M\u00eb p\u00eblqeu se thash\u00eb \u00ebsht\u00eb pun\u00eb me bank\u00eb. Puna ishte 25 minuta, ia jepja Fredit.<\/em><\/p>\n<p><em>Nga 32 milion\u00eb lek\u00eb t\u00eb vjetra, pasi nd\u00ebrruam bank\u00ebn, ia dhash\u00eb Nestorit, 4 her\u00eb. Shumat ishin: 42 milion\u00eb m\u00eb e madhja, 32, 37, 38, 40, 18 milion\u00eb ishte m\u00eb e vogla. M\u00eb tha Fredi mua, ta takoja Nestorin\u201d<\/em>, tha ai.<\/p>\n<p>M\u00eb tej ai tha se, \u201c<em>me Mariglen Qaton, kemi marr\u00ebdh\u00ebnie krushqie. N\u00eb vitin 2006 erdhi se m\u00eb vdiq babai. N\u00eb 2011, te dasma e vajz\u00ebs dhe p\u00ebr dit\u00eblindjen e nipit 10 vjet m\u00eb pas. Tre her\u00eb e kam takuar. P\u00ebr Redi Moll\u00ebn e d\u00ebgjova p\u00ebr her\u00eb t\u00eb par\u00eb n\u00eb televizor, kur u arrestua p\u00ebr grupin 5D\u201d.<\/em><\/p>\n","protected":false},"excerpt":{"rendered":"<p>Petrit Muhameti, pronar i firm\u00ebs VAS Konstruksion dhe v\u00ebllai i Mariglen Qatos, ka d\u00ebshmuar para SPAK n\u00eb lidhje me kompanin\u00eb dhe p\u00ebrfshirjen e tij n\u00eb dosjen 5D. Ai ka treguar se \u00ebsht\u00eb b\u00ebr\u00eb pronar i firm\u00ebs n\u00eb vitin 2016-2017, fal\u00eb ofert\u00ebs s\u00eb dh\u00ebndrit t\u00eb tij, Alfred Qatos, i cili i premtoi se nuk do t\u00eb &hellip;<\/p>\n","protected":false},"author":3,"featured_media":118082,"comment_status":"closed","ping_status":"closed","sticky":false,"template":"","format":"standard","meta":{"footnotes":""},"categories":[37],"tags":[],"class_list":["post-118078","post","type-post","status-publish","format-standard","has-post-thumbnail","","category-politike"],"_links":{"self":[{"href":"https:\/\/rdnews.al\/index.php\/wp-json\/wp\/v2\/posts\/118078","targetHints":{"allow":["GET"]}}],"collection":[{"href":"https:\/\/rdnews.al\/index.php\/wp-json\/wp\/v2\/posts"}],"about":[{"href":"https:\/\/rdnews.al\/index.php\/wp-json\/wp\/v2\/types\/post"}],"author":[{"embeddable":true,"href":"https:\/\/rdnews.al\/index.php\/wp-json\/wp\/v2\/users\/3"}],"replies":[{"embeddable":true,"href":"https:\/\/rdnews.al\/index.php\/wp-json\/wp\/v2\/comments?post=118078"}],"version-history":[{"count":1,"href":"https:\/\/rdnews.al\/index.php\/wp-json\/wp\/v2\/posts\/118078\/revisions"}],"predecessor-version":[{"id":118083,"href":"https:\/\/rdnews.al\/index.php\/wp-json\/wp\/v2\/posts\/118078\/revisions\/118083"}],"wp:featuredmedia":[{"embeddable":true,"href":"https:\/\/rdnews.al\/index.php\/wp-json\/wp\/v2\/media\/118082"}],"wp:attachment":[{"href":"https:\/\/rdnews.al\/index.php\/wp-json\/wp\/v2\/media?parent=118078"}],"wp:term":[{"taxonomy":"category","embeddable":true,"href":"https:\/\/rdnews.al\/index.php\/wp-json\/wp\/v2\/categories?post=118078"},{"taxonomy":"post_tag","embeddable":true,"href":"https:\/\/rdnews.al\/index.php\/wp-json\/wp\/v2\/tags?post=118078"}],"curies":[{"name":"wp","href":"https:\/\/api.w.org\/{rel}","templated":true}]}}