{"id":118080,"date":"2025-07-03T13:58:39","date_gmt":"2025-07-03T13:58:39","guid":{"rendered":"https:\/\/rdnews.al\/?p=118080"},"modified":"2025-07-03T13:58:39","modified_gmt":"2025-07-03T13:58:39","slug":"berisha-kontrata-e-lobimit-eshte-mes-fondacionit-dhe-kompanise-pd-pranon-vetem-sherbimin","status":"publish","type":"post","link":"https:\/\/rdnews.al\/index.php\/2025\/07\/03\/berisha-kontrata-e-lobimit-eshte-mes-fondacionit-dhe-kompanise-pd-pranon-vetem-sherbimin\/","title":{"rendered":"Berisha: Kontrata e lobimit \u00ebsht\u00eb mes fondacionit dhe kompanis\u00eb! PD pranon vet\u00ebm sh\u00ebrbimin"},"content":{"rendered":"<p>Kryetari i Partis\u00eb Demokratike, Sali Berisha, n\u00eb nj\u00eb konferenc\u00eb p\u00ebr mediat ka sqaruar detaje lidhur me kontrat\u00ebn e lobimit, duke theksuar se kjo marr\u00ebveshje nuk \u00ebsht\u00eb e lidhur drejtp\u00ebrdrejt me PD-n\u00eb, por mes nj\u00eb fondacioni dhe kompanis\u00eb.<\/p>\n<p>Ai theksoi se Partia Demokratike pranon vet\u00ebm sh\u00ebrbimin dhe se \u00e7do hap \u00ebsht\u00eb i transparent dhe i njohur p\u00ebr publikun.<\/p>\n<p>\u201cTani, ajo nuk \u00ebsht\u00eb mes PD-s\u00eb dhe kompanis\u00eb. Ajo \u00ebsht\u00eb midis fondacionit dhe kjo varet nga fondacioni.<\/p>\n<p>Ne jemi transparent dhe njoftojm\u00eb \u00e7do gj\u00eb. Vet\u00eb kompania \u00ebsht\u00eb super transparente. Ka nj\u00eb website ku publikon \u00e7do dokument.<\/p>\n<p>Kontrata nuk \u00ebsht\u00eb\u00a0midis PD dhe kompanis\u00eb, \u00ebsht\u00eb midis fondacionit dhe kompanis\u00eb.<\/p>\n<p>P\u00ebrsa koh\u00eb q\u00eb nuk kemi\u00a0marr\u00eb nj\u00eb vendim, do t\u00eb ju qart\u00ebsoj. Ky \u00ebsht\u00eb nj\u00eb proces n\u00eb vazhdim, por varet dhe nga fondacioni, edhe nga t\u00eb tjera\u201d, tha Berisha.<\/p>\n","protected":false},"excerpt":{"rendered":"<p>Kryetari i Partis\u00eb Demokratike, Sali Berisha, n\u00eb nj\u00eb konferenc\u00eb p\u00ebr mediat ka sqaruar detaje lidhur me kontrat\u00ebn e lobimit, duke theksuar se kjo marr\u00ebveshje nuk \u00ebsht\u00eb e lidhur drejtp\u00ebrdrejt me PD-n\u00eb, por mes nj\u00eb fondacioni dhe kompanis\u00eb. Ai theksoi se Partia Demokratike pranon vet\u00ebm sh\u00ebrbimin dhe se \u00e7do hap \u00ebsht\u00eb i transparent dhe i njohur &hellip;<\/p>\n","protected":false},"author":4,"featured_media":118060,"comment_status":"closed","ping_status":"closed","sticky":false,"template":"","format":"standard","meta":{"footnotes":""},"categories":[37],"tags":[],"class_list":["post-118080","post","type-post","status-publish","format-standard","has-post-thumbnail","","category-politike"],"_links":{"self":[{"href":"https:\/\/rdnews.al\/index.php\/wp-json\/wp\/v2\/posts\/118080","targetHints":{"allow":["GET"]}}],"collection":[{"href":"https:\/\/rdnews.al\/index.php\/wp-json\/wp\/v2\/posts"}],"about":[{"href":"https:\/\/rdnews.al\/index.php\/wp-json\/wp\/v2\/types\/post"}],"author":[{"embeddable":true,"href":"https:\/\/rdnews.al\/index.php\/wp-json\/wp\/v2\/users\/4"}],"replies":[{"embeddable":true,"href":"https:\/\/rdnews.al\/index.php\/wp-json\/wp\/v2\/comments?post=118080"}],"version-history":[{"count":1,"href":"https:\/\/rdnews.al\/index.php\/wp-json\/wp\/v2\/posts\/118080\/revisions"}],"predecessor-version":[{"id":118081,"href":"https:\/\/rdnews.al\/index.php\/wp-json\/wp\/v2\/posts\/118080\/revisions\/118081"}],"wp:featuredmedia":[{"embeddable":true,"href":"https:\/\/rdnews.al\/index.php\/wp-json\/wp\/v2\/media\/118060"}],"wp:attachment":[{"href":"https:\/\/rdnews.al\/index.php\/wp-json\/wp\/v2\/media?parent=118080"}],"wp:term":[{"taxonomy":"category","embeddable":true,"href":"https:\/\/rdnews.al\/index.php\/wp-json\/wp\/v2\/categories?post=118080"},{"taxonomy":"post_tag","embeddable":true,"href":"https:\/\/rdnews.al\/index.php\/wp-json\/wp\/v2\/tags?post=118080"}],"curies":[{"name":"wp","href":"https:\/\/api.w.org\/{rel}","templated":true}]}}