{"id":118111,"date":"2025-07-03T20:14:18","date_gmt":"2025-07-03T20:14:18","guid":{"rendered":"https:\/\/rdnews.al\/?p=118111"},"modified":"2025-07-03T20:14:18","modified_gmt":"2025-07-03T20:14:18","slug":"shoqata-e-te-zgjedhurve-vendore-reagon-ndaj-nderhyrjeve-te-kryeministrit-ne-ceshtjet-administrative-te-bashkive","status":"publish","type":"post","link":"https:\/\/rdnews.al\/index.php\/2025\/07\/03\/shoqata-e-te-zgjedhurve-vendore-reagon-ndaj-nderhyrjeve-te-kryeministrit-ne-ceshtjet-administrative-te-bashkive\/","title":{"rendered":"Shoqata e t\u00eb Zgjedhurve Vendor\u00eb reagon ndaj nd\u00ebrhyrjeve t\u00eb Kryeministrit n\u00eb \u00e7\u00ebshtjet administrative t\u00eb bashkive"},"content":{"rendered":"<p>Q\u00cbNDRIM PUBLIK<\/p>\n<p>Shoqata e t\u00eb Zgjedhurve Vendor\u00eb shpreh shqet\u00ebsimin e saj t\u00eb thell\u00eb lidhur me nd\u00ebrhyrjet e p\u00ebrs\u00ebritura t\u00eb Kryeministrit t\u00eb vendit n\u00eb \u00e7\u00ebshtjet administrative t\u00eb bashkive. Nd\u00ebrhyrjet e fundit n\u00eb Bashkin\u00eb e Tiran\u00ebs dhe s\u00eb fundmi n\u00eb Bashkin\u00eb e Vlor\u00ebs p\u00ebrb\u00ebjn\u00eb nj\u00eb praktik\u00eb t\u00eb papranueshme, e cila bie ndesh me parimet themelore t\u00eb Kushtetut\u00ebs s\u00eb Republik\u00ebs s\u00eb Shqip\u00ebris\u00eb dhe t\u00eb ligjit nr. 139\/2015 \u201cP\u00ebr vet\u00ebqeverisjen vendore\u201d.<\/p>\n<p>Kushtetuta e Shqip\u00ebris\u00eb garanton autonomin\u00eb vendore si nj\u00eb nga shtyllat e funksionimit t\u00eb pushtetit lokal, nd\u00ebrsa ligji p\u00ebr vet\u00ebqeverisjen vendore p\u00ebrcakton qart\u00eb kompetencat, organet dhe mekanizmat e llogaridh\u00ebnies brenda nj\u00ebsive t\u00eb qeverisjes vendore. \u00c7do nd\u00ebrhyrje nga pushteti ekzekutiv qendror n\u00eb pun\u00ebt e brendshme administrative t\u00eb bashkive cenon k\u00ebt\u00eb autonomi dhe p\u00ebrb\u00ebn shkelje t\u00eb parimit t\u00eb ndarjes s\u00eb pushteteve.<\/p>\n<p>Shoqata jon\u00eb e konsideron t\u00eb papranueshme q\u00eb p\u00ebrfaq\u00ebsuesit politik\u00eb t\u00eb nivelit qendror t\u00eb nd\u00ebrhyjn\u00eb n\u00eb m\u00ebnyr\u00eb t\u00eb drejtp\u00ebrdrejt\u00eb n\u00eb em\u00ebrime, shkarkime apo vendimmarrje t\u00eb natyr\u00ebs administrative n\u00eb bashki, t\u00eb cilat jan\u00eb institucione t\u00eb pavarura dhe t\u00eb zgjedhura me vot\u00ebn e drejtp\u00ebrdrejt\u00eb t\u00eb qytetar\u00ebve.<\/p>\n<p>Ftojm\u00eb institucionet p\u00ebrkat\u00ebse t\u00eb mbik\u00ebqyrjes dhe monitorimit t\u00eb qeverisjes vendore t\u00eb reagojn\u00eb dhe t\u00eb mbrojn\u00eb integritetin institucional dhe ligjor t\u00eb pushtetit vendor. N\u00eb t\u00eb nj\u00ebjt\u00ebn koh\u00eb, u b\u00ebjm\u00eb thirrje t\u00eb gjith\u00eb aktor\u00ebve politik\u00eb q\u00eb t\u00eb respektojn\u00eb kufijt\u00eb kushtetues t\u00eb p\u00ebrgjegj\u00ebsive t\u00eb tyre dhe t\u00eb mos e vendosin n\u00eb rrezik funksionimin demokratik t\u00eb qeverisjes vendore.<\/p>\n<p>Shoqata e t\u00eb Zgjedhurve Vendor\u00eb mbetet e angazhuar n\u00eb mbrojtjen e parimeve t\u00eb autonomis\u00eb vendore dhe t\u00eb qeverisjes me p\u00ebrgjegjshm\u00ebri dhe integritet.<\/p>\n","protected":false},"excerpt":{"rendered":"<p>Q\u00cbNDRIM PUBLIK Shoqata e t\u00eb Zgjedhurve Vendor\u00eb shpreh shqet\u00ebsimin e saj t\u00eb thell\u00eb lidhur me nd\u00ebrhyrjet e p\u00ebrs\u00ebritura t\u00eb Kryeministrit t\u00eb vendit n\u00eb \u00e7\u00ebshtjet administrative t\u00eb bashkive. Nd\u00ebrhyrjet e fundit n\u00eb Bashkin\u00eb e Tiran\u00ebs dhe s\u00eb fundmi n\u00eb Bashkin\u00eb e Vlor\u00ebs p\u00ebrb\u00ebjn\u00eb nj\u00eb praktik\u00eb t\u00eb papranueshme, e cila bie ndesh me parimet themelore t\u00eb Kushtetut\u00ebs &hellip;<\/p>\n","protected":false},"author":4,"featured_media":118112,"comment_status":"closed","ping_status":"closed","sticky":false,"template":"","format":"standard","meta":{"footnotes":""},"categories":[37],"tags":[],"class_list":["post-118111","post","type-post","status-publish","format-standard","has-post-thumbnail","","category-politike"],"_links":{"self":[{"href":"https:\/\/rdnews.al\/index.php\/wp-json\/wp\/v2\/posts\/118111","targetHints":{"allow":["GET"]}}],"collection":[{"href":"https:\/\/rdnews.al\/index.php\/wp-json\/wp\/v2\/posts"}],"about":[{"href":"https:\/\/rdnews.al\/index.php\/wp-json\/wp\/v2\/types\/post"}],"author":[{"embeddable":true,"href":"https:\/\/rdnews.al\/index.php\/wp-json\/wp\/v2\/users\/4"}],"replies":[{"embeddable":true,"href":"https:\/\/rdnews.al\/index.php\/wp-json\/wp\/v2\/comments?post=118111"}],"version-history":[{"count":1,"href":"https:\/\/rdnews.al\/index.php\/wp-json\/wp\/v2\/posts\/118111\/revisions"}],"predecessor-version":[{"id":118113,"href":"https:\/\/rdnews.al\/index.php\/wp-json\/wp\/v2\/posts\/118111\/revisions\/118113"}],"wp:featuredmedia":[{"embeddable":true,"href":"https:\/\/rdnews.al\/index.php\/wp-json\/wp\/v2\/media\/118112"}],"wp:attachment":[{"href":"https:\/\/rdnews.al\/index.php\/wp-json\/wp\/v2\/media?parent=118111"}],"wp:term":[{"taxonomy":"category","embeddable":true,"href":"https:\/\/rdnews.al\/index.php\/wp-json\/wp\/v2\/categories?post=118111"},{"taxonomy":"post_tag","embeddable":true,"href":"https:\/\/rdnews.al\/index.php\/wp-json\/wp\/v2\/tags?post=118111"}],"curies":[{"name":"wp","href":"https:\/\/api.w.org\/{rel}","templated":true}]}}