{"id":118213,"date":"2025-07-04T17:17:11","date_gmt":"2025-07-04T17:17:11","guid":{"rendered":"https:\/\/rdnews.al\/?p=118213"},"modified":"2025-07-04T17:17:11","modified_gmt":"2025-07-04T17:17:11","slug":"pd-kerkese-kqz-duam-pamjet-filmike-te-zgjedhjeve-celibashi-ka-prere-imazhet","status":"publish","type":"post","link":"https:\/\/rdnews.al\/index.php\/2025\/07\/04\/pd-kerkese-kqz-duam-pamjet-filmike-te-zgjedhjeve-celibashi-ka-prere-imazhet\/","title":{"rendered":"PD k\u00ebrkes\u00eb KQZ: Duam pamjet filmike t\u00eb zgjedhjeve! Celibashi ka prer\u00eb imazhet"},"content":{"rendered":"<p>Partia Demokratike dhe koalicioni PD-ADSHM i ka k\u00ebrkuar KQZ-s\u00eb q\u00eb t\u2019i v\u00ebr\u00eb n\u00eb dispozicion pamjet filmike t\u00eb t\u00eb gjitha qendrave t\u00eb votimit n\u00eb vend t\u00eb k\u00ebrkuara prej saj n\u00eb m\u00ebnyr\u00eb t\u00eb p\u00ebrs\u00ebritur dhe informacionin p\u00ebr kthimin e zarfeve t\u00eb votave t\u00eb diaspor\u00ebs, n\u00ebse jan\u00eb b\u00ebr\u00eb dorazi apo jasht\u00eb kanaleve t\u00eb DHL-s\u00eb.<\/p>\n<p>N\u00eb k\u00ebrkes\u00ebn e publikuar nga mediat dhe q\u00eb mban dat\u00ebn 4 korrik n\u00eb protokoll, q\u00eb mes t\u00eb tjerash v\u00eb n\u00eb dijeni edhe faktorin nd\u00ebrkomb\u00ebtar t\u00eb OSBE-ODIHR.<\/p>\n<p>Po ashtu kjo k\u00ebrkes\u00eb p\u00ebrmban edhe ankes\u00ebn ndaj kryekomisionerit Ilirjan Celibashi, se jo vet\u00ebm nuk i v\u00eb n\u00eb dispozicion materialet e k\u00ebrkuara, por edhe n\u00eb shum\u00eb prej tyre pamjet filmike kan\u00eb prerje, ku pretendohet q\u00ebllimisht, si pjesa e procesit t\u00eb votimit.<\/p>\n<p>K\u00ebrkesa \u00ebsht\u00eb dor\u00ebzuar nga p\u00ebrfaq\u00ebsuesi ligjor i PD, Franc Nuri dhe pritet t\u00eb shqyrtohet nga ana e KQZ-s\u00eb.<\/p>\n","protected":false},"excerpt":{"rendered":"<p>Partia Demokratike dhe koalicioni PD-ADSHM i ka k\u00ebrkuar KQZ-s\u00eb q\u00eb t\u2019i v\u00ebr\u00eb n\u00eb dispozicion pamjet filmike t\u00eb t\u00eb gjitha qendrave t\u00eb votimit n\u00eb vend t\u00eb k\u00ebrkuara prej saj n\u00eb m\u00ebnyr\u00eb t\u00eb p\u00ebrs\u00ebritur dhe informacionin p\u00ebr kthimin e zarfeve t\u00eb votave t\u00eb diaspor\u00ebs, n\u00ebse jan\u00eb b\u00ebr\u00eb dorazi apo jasht\u00eb kanaleve t\u00eb DHL-s\u00eb. N\u00eb k\u00ebrkes\u00ebn e publikuar &hellip;<\/p>\n","protected":false},"author":4,"featured_media":118214,"comment_status":"closed","ping_status":"closed","sticky":false,"template":"","format":"standard","meta":{"footnotes":""},"categories":[37],"tags":[],"class_list":["post-118213","post","type-post","status-publish","format-standard","has-post-thumbnail","","category-politike"],"_links":{"self":[{"href":"https:\/\/rdnews.al\/index.php\/wp-json\/wp\/v2\/posts\/118213","targetHints":{"allow":["GET"]}}],"collection":[{"href":"https:\/\/rdnews.al\/index.php\/wp-json\/wp\/v2\/posts"}],"about":[{"href":"https:\/\/rdnews.al\/index.php\/wp-json\/wp\/v2\/types\/post"}],"author":[{"embeddable":true,"href":"https:\/\/rdnews.al\/index.php\/wp-json\/wp\/v2\/users\/4"}],"replies":[{"embeddable":true,"href":"https:\/\/rdnews.al\/index.php\/wp-json\/wp\/v2\/comments?post=118213"}],"version-history":[{"count":1,"href":"https:\/\/rdnews.al\/index.php\/wp-json\/wp\/v2\/posts\/118213\/revisions"}],"predecessor-version":[{"id":118215,"href":"https:\/\/rdnews.al\/index.php\/wp-json\/wp\/v2\/posts\/118213\/revisions\/118215"}],"wp:featuredmedia":[{"embeddable":true,"href":"https:\/\/rdnews.al\/index.php\/wp-json\/wp\/v2\/media\/118214"}],"wp:attachment":[{"href":"https:\/\/rdnews.al\/index.php\/wp-json\/wp\/v2\/media?parent=118213"}],"wp:term":[{"taxonomy":"category","embeddable":true,"href":"https:\/\/rdnews.al\/index.php\/wp-json\/wp\/v2\/categories?post=118213"},{"taxonomy":"post_tag","embeddable":true,"href":"https:\/\/rdnews.al\/index.php\/wp-json\/wp\/v2\/tags?post=118213"}],"curies":[{"name":"wp","href":"https:\/\/api.w.org\/{rel}","templated":true}]}}