{"id":118216,"date":"2025-07-04T17:21:18","date_gmt":"2025-07-04T17:21:18","guid":{"rendered":"https:\/\/rdnews.al\/?p=118216"},"modified":"2025-07-04T17:21:18","modified_gmt":"2025-07-04T17:21:18","slug":"teliti-shqiperia-e-fundit-ne-europe-per-cilesine-e-jeteses-cmimet-jane-jashte-kontrollit-pagat-me-te-ultat","status":"publish","type":"post","link":"https:\/\/rdnews.al\/index.php\/2025\/07\/04\/teliti-shqiperia-e-fundit-ne-europe-per-cilesine-e-jeteses-cmimet-jane-jashte-kontrollit-pagat-me-te-ultat\/","title":{"rendered":"Teliti: Shqip\u00ebria e fundit n\u00eb Europ\u00eb p\u00ebr cil\u00ebsin\u00eb e jetes\u00ebs, \u00e7mimet jan\u00eb jasht\u00eb kontrollit, pagat m\u00eb t\u00eb ultat&#8230;"},"content":{"rendered":"<p>N\u00ebnkryetari i K\u00ebshillit bashkiak t\u00eb Tiran\u00ebs, dhe k\u00ebshilltarit ekonomik n\u00eb PD, Dorian Teliti, tha n\u00eb nj\u00eb dalje p\u00ebr mediat se, \u201csh\u00ebrbimet publike degradohen dita dit\u00ebs, arsimi i braktisur si asnj\u00ebher\u00eb m\u00eb par\u00eb, bujq\u00ebsia jo thjesht e l\u00ebn\u00eb n\u00eb harres\u00eb, por edhe e goditur p\u00ebr t\u00eb mbrojtur interesat e disa importuesve,\u00a0 falimentimi i sip\u00ebrmarrjeve prodhuese shqiptare, korrupsioni endemik me pron\u00ebn, tenderimet dhe fondet publike, etj, jan\u00eb qart\u00ebsisht realiteti i hidhur q\u00eb ne shqiptar\u00ebt jetojm\u00eb dhe raportet nd\u00ebrkomb\u00ebtare i zyrtarizojn\u00eb n\u00eb vler\u00ebsimet dhe q\u00ebndrimet e tyre.<\/p>\n<p><strong>Deklarat\u00eb e n\u00ebnkryetarit t\u00eb K\u00ebshillit bashkiak t\u00eb Tiran\u00ebs dhe k\u00ebshilltarit ekonomik n\u00eb PD, Dorian Teliti<\/strong><\/p>\n<p>T\u00eb nderuar qytetar\u00eb!<\/p>\n<p>T\u00eb shumta jan\u00eb problemet me t\u00eb cilat p\u00ebrballen shqiptar\u00ebt, t\u00eb shumta hallet e tyre, t\u00eb shumta kan\u00eb qen\u00eb edhe premtimet qeveritare, por m\u00eb t\u00eb shumta kan\u00eb qen\u00eb d\u00ebshtimet n\u00eb mbajtjen e tyre.<\/p>\n<p>Dy dit\u00eb m\u00eb par\u00eb, nj\u00eb tjet\u00ebr raport serioz vler\u00ebsoi cil\u00ebsin\u00eb e jetes\u00ebs n\u00eb Evrop\u00eb dhe Shqip\u00ebri. \u00cbsht\u00eb pik\u00ebrisht raporti i Numbeo-s, i cili e ka renditur Shqip\u00ebrin\u00eb n\u00eb vendin e 37 nga 37 vende t\u00eb Evrop\u00ebs, e ka renditur Shqip\u00ebrin\u00eb n\u00eb fundin e list\u00ebs p\u00ebrsa i p\u00ebrket jetes\u00ebs dhe cil\u00ebsis\u00eb s\u00eb saj.<\/p>\n<p>Sipas raportit, Shqip\u00ebria \u00ebsht\u00eb vler\u00ebsuar me vet\u00ebm 46.3 pik\u00eb n\u00eb treguesin e fuqis\u00eb bler\u00ebse, m\u00eb e ult\u00eb n\u00eb kontinent, madje edhe m\u00eb keq se Ukraina n\u00eb gjendje lufte. Familjet shqiptare shpenzojn\u00eb t\u00eb pakt\u00ebn 40% t\u00eb t\u00eb ardhurave t\u00eb tyre p\u00ebr t\u2019u ushqyer, nd\u00ebrkoh\u00eb q\u00eb mesatarja evropiane \u00ebsht\u00eb t\u00eb pakt\u00ebn tre her\u00eb m\u00eb e ul\u00ebt.<\/p>\n<p>Gjithashtu, jemi ne shqiptar\u00ebt q\u00eb duhet t\u00eb punojm\u00eb m\u00eb shum\u00eb vite se \u00e7dokush tjet\u00ebr n\u00eb Evrop\u00eb p\u00ebr t\u00eb arritur t\u00eb blejm\u00eb nj\u00eb apartament.<\/p>\n<p>Ndotja vazhdon t\u00eb jet\u00eb tejet shqet\u00ebsuese, Shqip\u00ebria renditet n\u00eb vendin e parafundit. Por akoma me shqet\u00ebsues \u00ebsht\u00eb fakti q\u00eb jemi renditur t\u00eb fundit n\u00eb cil\u00ebsin\u00eb e kujdesit sh\u00ebndet\u00ebsor.<\/p>\n<p>Gjith\u00e7ka tham\u00eb m\u00eb lart nuk jan\u00eb opinione, nuk jan\u00eb propagand\u00eb, por jan\u00eb fakte q\u00eb v\u00ebrtetojn\u00eb edhe nj\u00ebher\u00eb varf\u00ebrin\u00eb e thell\u00eb dhe munges\u00ebn e qart\u00eb t\u00eb nj\u00eb t\u00eb ardhmeje pozitive p\u00ebr t\u00eb gjith\u00eb shqiptar\u00ebt.<\/p>\n<p>A jan\u00eb rast\u00ebsi k\u00ebto gjetje t\u00eb raportit t\u00eb Numbeo-s? Jo, nuk jan\u00eb. Ato jan\u00eb rezultati konkret i qeverisjes arrogante dhe t\u00eb pap\u00ebrgjegjshme t\u00eb 12 viteve t\u00eb fundit. Vler\u00ebsimi i Numbeo-s nuk \u00ebsht\u00eb thjesht nj\u00eb renditje statistikore, por nj\u00eb aktakuz\u00eb e r\u00ebnd\u00eb publike ndaj autor\u00ebve dhe bashk\u00ebpun\u00ebtor\u00ebve q\u00eb krijuan Shqip\u00ebrin\u00eb q\u00eb nuk ngjall shprese, por vet\u00ebm largon shqiptar\u00ebt nga foleja familjare.<\/p>\n<p>Shqiptar\u00ebt duan pun\u00eb, por pagat jan\u00eb m\u00eb t\u00eb ultat n\u00eb Evrop\u00eb.<\/p>\n<p>\u00c7mimet kan\u00eb dal\u00eb tashm\u00eb jasht\u00eb kontrollit, m\u00eb t\u00eb larta se mesatarja evropiane.<\/p>\n<p>Sh\u00ebrbimet publike degradohen dita dit\u00ebs, arsimi i braktisur si asnj\u00ebher\u00eb m\u00eb par\u00eb, bujq\u00ebsia jo thjesht e l\u00ebn\u00eb n\u00eb harres\u00eb, por edhe e goditur p\u00ebr t\u00eb mbrojtur interesat e disa importuesve, falimentimi i sip\u00ebrmarrjeve prodhuese shqiptare, korrupsioni endemik me pron\u00ebn, tenderimet dhe fondet publike, etj, jan\u00eb qart\u00ebsisht realiteti i hidhur q\u00eb ne shqiptar\u00ebt jetojm\u00eb dhe raportet nd\u00ebrkomb\u00ebtare i zyrtarizojn\u00eb n\u00eb vler\u00ebsimet dhe q\u00ebndrimet e tyre.<\/p>\n<p>T\u00eb dashur qytetar\u00eb, zgjidhja nuk vjen p\u00ebrmes fjal\u00ebve t\u00eb bukura, apo premtimeve boshe, apo reformave t\u00eb rreme. Rruga e vetme p\u00ebr ta nxjerr\u00eb Shqip\u00ebrin\u00eb nga kriza \u00ebsht\u00eb ngritja e menj\u00ebhershme e qeveris\u00eb teknike q\u00eb t\u00eb krijoj\u00eb besim dhe t\u00eb garantoj\u00eb m\u00eb n\u00eb fund zgjedhje t\u00eb lira e t\u00eb ndershme p\u00ebr shqiptar\u00ebt.<\/p>\n<p>Vet\u00ebm p\u00ebrmes nj\u00eb qeverie teknike t\u00eb \u00e7liruar nga kontrolli politik, vet\u00ebm p\u00ebrmes nj\u00eb procesi zgjedhor t\u00eb besuesh\u00ebm, shqiptar\u00ebt do t\u00eb mund t\u00eb zgjedhin t\u00eb ardhmen q\u00eb meritojn\u00eb. Vet\u00ebm k\u00ebshtu vendi do t\u00eb futet n\u00eb shinat e zhvillimit t\u00eb q\u00ebndruesh\u00ebm, vet\u00ebm k\u00ebshtu do t\u00eb krijohet nj\u00eb ekonomi reale, konkurruese dhe p\u00ebrfshir\u00ebse. Dhe mbi t\u00eb gjitha, vet\u00ebm k\u00ebshtu Shqip\u00ebria do t\u00eb b\u00ebhet v\u00ebrtet gati p\u00ebr integrimin n\u00eb Bashkimin Evropian.<\/p>\n<p>Ju faleminderit!<\/p>\n","protected":false},"excerpt":{"rendered":"<p>N\u00ebnkryetari i K\u00ebshillit bashkiak t\u00eb Tiran\u00ebs, dhe k\u00ebshilltarit ekonomik n\u00eb PD, Dorian Teliti, tha n\u00eb nj\u00eb dalje p\u00ebr mediat se, \u201csh\u00ebrbimet publike degradohen dita dit\u00ebs, arsimi i braktisur si asnj\u00ebher\u00eb m\u00eb par\u00eb, bujq\u00ebsia jo thjesht e l\u00ebn\u00eb n\u00eb harres\u00eb, por edhe e goditur p\u00ebr t\u00eb mbrojtur interesat e disa importuesve,\u00a0 falimentimi i sip\u00ebrmarrjeve prodhuese shqiptare, &hellip;<\/p>\n","protected":false},"author":4,"featured_media":118217,"comment_status":"closed","ping_status":"closed","sticky":false,"template":"","format":"standard","meta":{"footnotes":""},"categories":[37],"tags":[],"class_list":["post-118216","post","type-post","status-publish","format-standard","has-post-thumbnail","","category-politike"],"_links":{"self":[{"href":"https:\/\/rdnews.al\/index.php\/wp-json\/wp\/v2\/posts\/118216","targetHints":{"allow":["GET"]}}],"collection":[{"href":"https:\/\/rdnews.al\/index.php\/wp-json\/wp\/v2\/posts"}],"about":[{"href":"https:\/\/rdnews.al\/index.php\/wp-json\/wp\/v2\/types\/post"}],"author":[{"embeddable":true,"href":"https:\/\/rdnews.al\/index.php\/wp-json\/wp\/v2\/users\/4"}],"replies":[{"embeddable":true,"href":"https:\/\/rdnews.al\/index.php\/wp-json\/wp\/v2\/comments?post=118216"}],"version-history":[{"count":1,"href":"https:\/\/rdnews.al\/index.php\/wp-json\/wp\/v2\/posts\/118216\/revisions"}],"predecessor-version":[{"id":118218,"href":"https:\/\/rdnews.al\/index.php\/wp-json\/wp\/v2\/posts\/118216\/revisions\/118218"}],"wp:featuredmedia":[{"embeddable":true,"href":"https:\/\/rdnews.al\/index.php\/wp-json\/wp\/v2\/media\/118217"}],"wp:attachment":[{"href":"https:\/\/rdnews.al\/index.php\/wp-json\/wp\/v2\/media?parent=118216"}],"wp:term":[{"taxonomy":"category","embeddable":true,"href":"https:\/\/rdnews.al\/index.php\/wp-json\/wp\/v2\/categories?post=118216"},{"taxonomy":"post_tag","embeddable":true,"href":"https:\/\/rdnews.al\/index.php\/wp-json\/wp\/v2\/tags?post=118216"}],"curies":[{"name":"wp","href":"https:\/\/api.w.org\/{rel}","templated":true}]}}