{"id":118380,"date":"2025-07-07T17:02:04","date_gmt":"2025-07-07T17:02:04","guid":{"rendered":"https:\/\/rdnews.al\/?p=118380"},"modified":"2025-07-07T17:02:04","modified_gmt":"2025-07-07T17:02:04","slug":"prokuroria-e-shkodres-i-pergjigjet-rames-vendimi-per-rastin-ne-theth-ne-perputhje-me-ligjin","status":"publish","type":"post","link":"https:\/\/rdnews.al\/index.php\/2025\/07\/07\/prokuroria-e-shkodres-i-pergjigjet-rames-vendimi-per-rastin-ne-theth-ne-perputhje-me-ligjin\/","title":{"rendered":"Prokuroria e Shkodr\u00ebs i p\u00ebrgjigjet Ram\u00ebs: Vendimi p\u00ebr rastin n\u00eb Theth, n\u00eb p\u00ebrputhje me ligjin"},"content":{"rendered":"<p>Prokuroria pran\u00eb Gjykat\u00ebs s\u00eb Shkall\u00ebs s\u00eb Par\u00eb t\u00eb Juridiksionit t\u00eb P\u00ebrgjithsh\u00ebm Shkod\u00ebr ka reaguar pas deklaratave t\u00eb kryeministrit Edi Rama, i cili akuzoi prokuroren Elsa Gjeli p\u00ebr mosveprim lidhur me nd\u00ebrtimin e nj\u00eb kompleksi pa leje n\u00eb zon\u00ebn e mbrojtur t\u00eb Thethit.<\/p>\n<p>N\u00eb nj\u00eb reagim zyrtar, Prokuroria sqaron se vendimi p\u00ebr mosfillimin e procedimit penal, i marr\u00eb m\u00eb 30 maj 2025 nga prokurorja Gjeli, \u00ebsht\u00eb bazuar n\u00eb nenin 290, pika \u00e7 t\u00eb Kodit t\u00eb Procedur\u00ebs Penale, i cili parashikon se hetimi penal nuk mund t\u00eb nis\u00eb n\u00ebse fakti i referuar nuk p\u00ebrb\u00ebn vep\u00ebr penale ose kur fakti \u201cnuk ekziston\u201d.<\/p>\n<p>Sipas Prokuroris\u00eb, strukturat e konstatuara nga Policia n\u00eb Theth kan\u00eb qen\u00eb kontenier\u00eb t\u00eb p\u00ebrkohsh\u00ebm pa themele, t\u00eb vendosur mbi pllaka guri, dhe nuk p\u00ebrmbushin kriteret ligjore p\u00ebr t\u2019u cil\u00ebsuar si objekte nd\u00ebrtimi sipas ligjit nr. 107\/2014 \u201cP\u00ebr planifikimin dhe zhvillimin e territorit\u201d.<\/p>\n<p>Prokuroria thekson se vendimi i marr\u00eb \u00ebsht\u00eb akt ligjor dhe jo vullnet personal, i mb\u00ebshtetur n\u00eb analiz\u00ebn juridike t\u00eb fakteve dhe provave t\u00eb administruara.\u00a0<em>\u201cProkurori, si organ kushtetues i pavarur, ka detyrimin t\u00eb veproj\u00eb vet\u00ebm n\u00eb p\u00ebrputhje me ligjin dhe t\u00eb mos ndikohet nga faktor\u00eb t\u00eb jasht\u00ebm, p\u00ebrfshir\u00eb edhe deklaratat politike<\/em>,\u201d thuhet n\u00eb reagim.<\/p>\n<p>Institucioni shton se \u00e7do p\u00ebrpjekje p\u00ebr t\u00eb ndikuar n\u00eb vendimmarrjen e prokurorit, qoft\u00eb p\u00ebrmes deklaratave publike apo presionit politik, c\u00ebnon ndarjen e pushteteve dhe d\u00ebmton besimin e qytetar\u00ebve tek drejt\u00ebsia.<\/p>\n","protected":false},"excerpt":{"rendered":"<p>Prokuroria pran\u00eb Gjykat\u00ebs s\u00eb Shkall\u00ebs s\u00eb Par\u00eb t\u00eb Juridiksionit t\u00eb P\u00ebrgjithsh\u00ebm Shkod\u00ebr ka reaguar pas deklaratave t\u00eb kryeministrit Edi Rama, i cili akuzoi prokuroren Elsa Gjeli p\u00ebr mosveprim lidhur me nd\u00ebrtimin e nj\u00eb kompleksi pa leje n\u00eb zon\u00ebn e mbrojtur t\u00eb Thethit. N\u00eb nj\u00eb reagim zyrtar, Prokuroria sqaron se vendimi p\u00ebr mosfillimin e procedimit penal, &hellip;<\/p>\n","protected":false},"author":4,"featured_media":118381,"comment_status":"closed","ping_status":"closed","sticky":false,"template":"","format":"standard","meta":{"footnotes":""},"categories":[37],"tags":[],"class_list":["post-118380","post","type-post","status-publish","format-standard","has-post-thumbnail","","category-politike"],"_links":{"self":[{"href":"https:\/\/rdnews.al\/index.php\/wp-json\/wp\/v2\/posts\/118380","targetHints":{"allow":["GET"]}}],"collection":[{"href":"https:\/\/rdnews.al\/index.php\/wp-json\/wp\/v2\/posts"}],"about":[{"href":"https:\/\/rdnews.al\/index.php\/wp-json\/wp\/v2\/types\/post"}],"author":[{"embeddable":true,"href":"https:\/\/rdnews.al\/index.php\/wp-json\/wp\/v2\/users\/4"}],"replies":[{"embeddable":true,"href":"https:\/\/rdnews.al\/index.php\/wp-json\/wp\/v2\/comments?post=118380"}],"version-history":[{"count":1,"href":"https:\/\/rdnews.al\/index.php\/wp-json\/wp\/v2\/posts\/118380\/revisions"}],"predecessor-version":[{"id":118382,"href":"https:\/\/rdnews.al\/index.php\/wp-json\/wp\/v2\/posts\/118380\/revisions\/118382"}],"wp:featuredmedia":[{"embeddable":true,"href":"https:\/\/rdnews.al\/index.php\/wp-json\/wp\/v2\/media\/118381"}],"wp:attachment":[{"href":"https:\/\/rdnews.al\/index.php\/wp-json\/wp\/v2\/media?parent=118380"}],"wp:term":[{"taxonomy":"category","embeddable":true,"href":"https:\/\/rdnews.al\/index.php\/wp-json\/wp\/v2\/categories?post=118380"},{"taxonomy":"post_tag","embeddable":true,"href":"https:\/\/rdnews.al\/index.php\/wp-json\/wp\/v2\/tags?post=118380"}],"curies":[{"name":"wp","href":"https:\/\/api.w.org\/{rel}","templated":true}]}}