{"id":118383,"date":"2025-07-07T17:05:09","date_gmt":"2025-07-07T17:05:09","guid":{"rendered":"https:\/\/rdnews.al\/?p=118383"},"modified":"2025-07-07T17:05:09","modified_gmt":"2025-07-07T17:05:09","slug":"rama-nuk-ndalet-kabinat-e-kriminelit-ne-theth-do-ti-marre-shteti","status":"publish","type":"post","link":"https:\/\/rdnews.al\/index.php\/2025\/07\/07\/rama-nuk-ndalet-kabinat-e-kriminelit-ne-theth-do-ti-marre-shteti\/","title":{"rendered":"Rama nuk ndalet: \u201cKabinat e kriminelit\u201d n\u00eb Theth do t\u2019i marr\u00eb shteti"},"content":{"rendered":"<p>Kryeministri Edi Rama ka vijuar sulmet ndaj prokurores s\u00eb Shkodr\u00ebs, Elsa Gjeli, p\u00ebr vendimin q\u00eb mbylli pa hetim denoncimin p\u00ebr nd\u00ebrtimin pa leje n\u00eb Parkun Komb\u00ebtar t\u00eb Thethit. N\u00eb nj\u00eb tjet\u00ebr reagim n\u00eb rrjetet sociale, Rama la t\u00eb kuptohet se shteti do nd\u00ebrhyj\u00eb n\u00eb m\u00ebnyr\u00eb t\u00eb nj\u00ebanshme p\u00ebr t\u00eb \u201csh\u00ebruar zemr\u00ebn\u201d e qytez\u00ebs s\u00eb famshme alpine.<\/p>\n<p>\u201cKabinat e \u2018fshatit turistik\u2019 t\u00eb kriminelit q\u00eb plagosi Thethin do i marr\u00eb shteti\u201d, shkruan kryeministri, duke njoftuar se Bashkia Shkod\u00ebr nuk do t\u00eb largohet nga zona pa rikthyer at\u00eb q\u00eb ai quan \u201cgjendjen e m\u00ebparshme\u201d.<\/p>\n<p>N\u00eb t\u00eb nj\u00ebjt\u00ebn koh\u00eb, Rama njoftoi se Ministria e Drejt\u00ebsis\u00eb \u00ebsht\u00eb duke p\u00ebrgatitur nj\u00eb denoncim zyrtar ndaj prokurores Gjeli pran\u00eb K\u00ebshillit t\u00eb Lart\u00eb t\u00eb Prokuroris\u00eb, p\u00ebr at\u00eb q\u00eb ai e quan \u201cmosveprim skandaloz dhe t\u00eb d\u00ebmsh\u00ebm p\u00ebr interesin publik\u201d.<\/p>\n<p>Deklarata e tij vjen pas reagimit zyrtar t\u00eb Prokuroris\u00eb s\u00eb Shkodr\u00ebs, e cila e justifikoi vendimin p\u00ebr t\u00eb mos ndjekur penalisht rastin, duke u bazuar n\u00eb faktin se kontenjer\u00ebt ishin struktura t\u00eb p\u00ebrkohshme, pa themele dhe t\u00eb vendosura mbi gur\u00eb\u00a0 dhe si t\u00eb tilla, nuk p\u00ebrb\u00ebjn\u00eb objekt nd\u00ebrtimi n\u00eb kuptimin e ligjit.<\/p>\n<p>Por Rama duket se nuk ka nd\u00ebrmend t\u00eb ndalet. Me gjuh\u00ebn e tij t\u00eb zakonshme p\u00ebrball\u00eb institucioneve q\u00eb nuk i binden vullnetit t\u00eb tij, kryeministri sulmon prokuroren dhe e cil\u00ebson aktin e saj si nj\u00eb plag\u00eb mbi nj\u00eb zon\u00eb t\u00eb shenjt\u00eb komb\u00ebtare.<\/p>\n","protected":false},"excerpt":{"rendered":"<p>Kryeministri Edi Rama ka vijuar sulmet ndaj prokurores s\u00eb Shkodr\u00ebs, Elsa Gjeli, p\u00ebr vendimin q\u00eb mbylli pa hetim denoncimin p\u00ebr nd\u00ebrtimin pa leje n\u00eb Parkun Komb\u00ebtar t\u00eb Thethit. N\u00eb nj\u00eb tjet\u00ebr reagim n\u00eb rrjetet sociale, Rama la t\u00eb kuptohet se shteti do nd\u00ebrhyj\u00eb n\u00eb m\u00ebnyr\u00eb t\u00eb nj\u00ebanshme p\u00ebr t\u00eb \u201csh\u00ebruar zemr\u00ebn\u201d e qytez\u00ebs s\u00eb famshme &hellip;<\/p>\n","protected":false},"author":4,"featured_media":118384,"comment_status":"closed","ping_status":"closed","sticky":false,"template":"","format":"standard","meta":{"footnotes":""},"categories":[37],"tags":[],"class_list":["post-118383","post","type-post","status-publish","format-standard","has-post-thumbnail","","category-politike"],"_links":{"self":[{"href":"https:\/\/rdnews.al\/index.php\/wp-json\/wp\/v2\/posts\/118383","targetHints":{"allow":["GET"]}}],"collection":[{"href":"https:\/\/rdnews.al\/index.php\/wp-json\/wp\/v2\/posts"}],"about":[{"href":"https:\/\/rdnews.al\/index.php\/wp-json\/wp\/v2\/types\/post"}],"author":[{"embeddable":true,"href":"https:\/\/rdnews.al\/index.php\/wp-json\/wp\/v2\/users\/4"}],"replies":[{"embeddable":true,"href":"https:\/\/rdnews.al\/index.php\/wp-json\/wp\/v2\/comments?post=118383"}],"version-history":[{"count":1,"href":"https:\/\/rdnews.al\/index.php\/wp-json\/wp\/v2\/posts\/118383\/revisions"}],"predecessor-version":[{"id":118385,"href":"https:\/\/rdnews.al\/index.php\/wp-json\/wp\/v2\/posts\/118383\/revisions\/118385"}],"wp:featuredmedia":[{"embeddable":true,"href":"https:\/\/rdnews.al\/index.php\/wp-json\/wp\/v2\/media\/118384"}],"wp:attachment":[{"href":"https:\/\/rdnews.al\/index.php\/wp-json\/wp\/v2\/media?parent=118383"}],"wp:term":[{"taxonomy":"category","embeddable":true,"href":"https:\/\/rdnews.al\/index.php\/wp-json\/wp\/v2\/categories?post=118383"},{"taxonomy":"post_tag","embeddable":true,"href":"https:\/\/rdnews.al\/index.php\/wp-json\/wp\/v2\/tags?post=118383"}],"curies":[{"name":"wp","href":"https:\/\/api.w.org\/{rel}","templated":true}]}}