{"id":118397,"date":"2025-07-07T17:52:54","date_gmt":"2025-07-07T17:52:54","guid":{"rendered":"https:\/\/rdnews.al\/?p=118397"},"modified":"2025-07-07T17:52:54","modified_gmt":"2025-07-07T17:52:54","slug":"revolta-banoret-e-sucit-pushtojne-bashkine-ne-protesten-kunder-hec-it","status":"publish","type":"post","link":"https:\/\/rdnews.al\/index.php\/2025\/07\/07\/revolta-banoret-e-sucit-pushtojne-bashkine-ne-protesten-kunder-hec-it\/","title":{"rendered":"Revolta\/ Banor\u00ebt e Su\u00e7it \u201cpushtojn\u00eb\u201d  bashkin\u00eb n\u00eb protest\u00ebn kund\u00ebr HEC-it"},"content":{"rendered":"<div id=\"rekl-49\">Banor\u00ebt e fshatrave t\u00eb Su\u00e7it hyn\u00eb forc\u00ebrisht n\u00eb Bashkin\u00eb e Klosit gjat\u00eb protest\u00ebs s\u00eb tyre kund\u00ebr nd\u00ebrtimit t\u00eb hidrocentralit Doma, nd\u00ebrkoh\u00eb q\u00eb zyrtar\u00ebt lokal\u00eb faj\u00ebsojn\u00eb nj\u00ebri-tjetrin p\u00ebr p\u00ebrgjegj\u00ebsit\u00eb.<\/div>\n<div class=\"readmore-text-here\">\n<p>Protesta kund\u00ebr nd\u00ebrtimit t\u00eb\u00a0HEC-it Doma mbi lumin e Lus\u00ebs n\u00eb Mat vijoi k\u00ebt\u00eb t\u00eb h\u00ebn\u00eb, ku dhjet\u00ebra banor\u00eb t\u00eb nj\u00ebsis\u00eb administrative Su\u00e7 u mblodh\u00ebn para Bashkis\u00eb s\u00eb Klosit, duke k\u00ebrkuar nd\u00ebrhyrjen e pushtetit vendor p\u00ebr pezullimin e punimeve.<\/p>\n<p>Protesta\u00a0u shoq\u00ebrua me tensione, pasi banor\u00ebt k\u00ebrkuan t\u00eb takonin kryetaren e bashkis\u00eb,\u00a0Valbona Kola, por u p\u00ebrball\u00ebn me bllokimin e hyrjes nga Policia Bashkiake. Situata u p\u00ebrshkall\u00ebzua kur protestuesit hyn\u00eb forc\u00ebrisht n\u00eb godin\u00eb, duke sjell\u00eb m\u00eb pas nd\u00ebrhyrjen e forcave t\u00eb Policis\u00eb s\u00eb Shtetit p\u00ebr t\u00eb qet\u00ebsuar situat\u00ebn.<\/p>\n<p>Pas insistimit t\u00eb banor\u00ebve, kryetarja Kola u takua me ta n\u00eb nj\u00eb nga sallat e bashkis\u00eb, s\u00eb bashku me disa nga drejtuesit e institucionit. N\u00eb nj\u00eb sall\u00eb t\u00eb mbushur me banor\u00eb t\u00eb ardhur nga disa fshatra t\u00eb zon\u00ebs, Kola u shpreh se Bashkia Klos nuk ka mund\u00ebsi ligjore p\u00ebr ta ndalur investimin, pasi \u00ebsht\u00eb v\u00ebn\u00eb para nj\u00eb fakti t\u00eb kryer. Ajo dhe zyrtar\u00ebt bashkiak\u00eb ia pasuan p\u00ebrgjegj\u00ebsin\u00eb ish-administrat\u00ebs s\u00eb djatht\u00eb q\u00eb ka drejtuar bashkin\u00eb deri n\u00eb vitin 2019.<\/p>\n<p>Administrata aktuale paraqiti nj\u00eb kontrat\u00eb qiraje t\u00eb firmosur n\u00eb shtator t\u00eb vitit 2018 nga ish-kryetari i bashkis\u00eb,\u00a0Basir \u00c7upa, p\u00ebr dh\u00ebnien me afat 10-vje\u00e7ar t\u00eb nj\u00eb sip\u00ebrfaqeje pyjore n\u00eb p\u00ebrdorim t\u00eb kompanis\u00eb q\u00eb nd\u00ebrton hidrocentralin. Sipas dokumenteve t\u00eb b\u00ebra publike, qiraja hyn n\u00eb fuqi nga momenti i pajisjes s\u00eb subjektit me leje nd\u00ebrtimi, nd\u00ebrsa mendimi pozitiv p\u00ebr heqjen nga fondi pyjor \u00ebsht\u00eb dh\u00ebn\u00eb n\u00eb vitin 2019 nga K\u00ebshilli Bashkiak.<\/p>\n<p>I pyetur nga BIRN p\u00ebr kontrat\u00ebn e qiras\u00eb t\u00eb firmosur n\u00eb vitin 2018 me \u201cGlobal Interprise Group\u201d dhe vendimin e K\u00ebshillit Bashkiak t\u00eb Klosit n\u00eb vitin 2019, ish-kryebashkiaku i Klosit, Basir \u00c7upa tha se vendimet jan\u00eb marr\u00eb n\u00eb p\u00ebrputhje me ligjin.<\/p>\n<p>\u201cN\u00eb at\u00eb periudh\u00eb, K\u00ebshilli Bashkiak n\u00eb Klos nuk ka qen\u00eb vet\u00ebm i djatht\u00eb, por i p\u00ebrzier\u00eb,\u201d tha \u00c7upa, duke theksuar se n\u00eb at\u00eb periudh\u00eb nuk ka pasur asnj\u00eb ankes\u00eb nga komuniteti.<\/p>\n<p>Sipas tij, vendimi \u00ebsht\u00eb marr\u00eb me p\u00ebrfaq\u00ebsues t\u00eb Ministris\u00eb s\u00eb Mjedisit dhe t\u00eb firm\u00ebs nd\u00ebrtuese, nd\u00ebrsa nd\u00ebrtimi \u00ebsht\u00eb planifikuar posht\u00eb zon\u00ebs ku banor\u00ebt marrin ujin p\u00ebr vaditje. Ai shtoi se kund\u00ebrshtimet nga banor\u00ebt kan\u00eb ardhur m\u00eb von\u00eb dhe n\u00ebse kishte shkelje n\u00eb kontrat\u00ebn e qiras\u00eb, ato mund t\u00eb ishin korrigjuar nga administratat pasuese, q\u00eb sipas tij \u201ci kan\u00eb n\u00eb dor\u00eb t\u00eb gjitha pushtetet p\u00ebr vite me radh\u00eb\u201d.<\/p>\n<p>Banor\u00ebt protestues i q\u00ebndruan vendimit p\u00ebr t\u00eb mos lejuar nd\u00ebrtimin e HEC-it, duke theksuar se projekti k\u00ebrc\u00ebnon burimet ujore p\u00ebr vaditje, si dhe do t\u00eb sjell\u00eb d\u00ebme t\u00eb parikuperueshme p\u00ebr ekosistemin dhe natyr\u00ebn e zon\u00ebs.<\/p>\n<p>\u201cKemi k\u00ebrkuar mb\u00ebshtetje nga IKMT e Dibr\u00ebs, pasi kemi munges\u00eb t\u00eb punonj\u00ebsve n\u00eb Inspektoriatin Vendor t\u00eb Mbrojtjes s\u00eb Territorit. Ata sot jan\u00eb n\u00eb terren. Un\u00eb e di q\u00eb Kurdaria \u00ebsht\u00eb hambari i bujq\u00ebsis\u00eb, ndaj jam n\u00eb krahun tuaj. Punimet p\u00ebr HEC-in jan\u00eb aktualisht t\u00eb pezulluara nga kompania,\u201d premtoi kryebashkiakja e Klosit, Valbona Kola para banor\u00ebve.<\/p>\n<p>Nd\u00ebrtimi i HEC-it Doma n\u00eb lumin e Lus\u00ebs n\u00eb nj\u00ebsin\u00eb administrative Su\u00e7 t\u00eb Klosit, ka sjell\u00eb p\u00ebrplasje t\u00eb vazhdueshme mes banor\u00ebve dhe kompanis\u00eb nd\u00ebrtuese \u201cGlobal Interprise Group\u201d. Projekti \u00ebsht\u00eb pjes\u00eb e nj\u00eb skeme m\u00eb t\u00eb gjer\u00eb p\u00ebr nd\u00ebrtimin e tre hidrocentraleve n\u00eb k\u00ebt\u00eb lum\u00eb. Banor\u00ebt pretendojn\u00eb se nuk jan\u00eb p\u00ebrfshir\u00eb n\u00eb asnj\u00eb proces d\u00ebgjese publike. Situata \u00ebsht\u00eb p\u00ebrshkall\u00ebzuar jav\u00ebt e fundit, ku ka pasur p\u00ebrplasjet fizike nd\u00ebrmjet banor\u00ebve dhe p\u00ebrfaq\u00ebsuesve t\u00eb kompanis\u00eb. N\u00eb q\u00ebndrime t\u00eb m\u00ebparshme, kompania nd\u00ebrtuese deklaron se gjurma e HEC-it ndodhet posht\u00eb zon\u00ebs s\u00eb banuar dhe nuk prek drejtp\u00ebrdrejt interesat e banor\u00ebve p\u00ebr vaditje.<\/p>\n<p><img decoding=\"async\" src=\"https:\/\/www.syri.net\/uploads\/syri.net\/images\/2025\/July\/07\/auto_protesta-para-bashkise-2048x15361751908799.jpg\" alt=\"Image\" \/><\/div>\n<div id=\"rekl-45\"><\/div>\n<div id=\"rekl-33\"><\/div>\n","protected":false},"excerpt":{"rendered":"<p>Banor\u00ebt e fshatrave t\u00eb Su\u00e7it hyn\u00eb forc\u00ebrisht n\u00eb Bashkin\u00eb e Klosit gjat\u00eb protest\u00ebs s\u00eb tyre kund\u00ebr nd\u00ebrtimit t\u00eb hidrocentralit Doma, nd\u00ebrkoh\u00eb q\u00eb zyrtar\u00ebt lokal\u00eb faj\u00ebsojn\u00eb nj\u00ebri-tjetrin p\u00ebr p\u00ebrgjegj\u00ebsit\u00eb. Protesta kund\u00ebr nd\u00ebrtimit t\u00eb\u00a0HEC-it Doma mbi lumin e Lus\u00ebs n\u00eb Mat vijoi k\u00ebt\u00eb t\u00eb h\u00ebn\u00eb, ku dhjet\u00ebra banor\u00eb t\u00eb nj\u00ebsis\u00eb administrative Su\u00e7 u mblodh\u00ebn para Bashkis\u00eb s\u00eb &hellip;<\/p>\n","protected":false},"author":4,"featured_media":118398,"comment_status":"closed","ping_status":"closed","sticky":false,"template":"","format":"standard","meta":{"footnotes":""},"categories":[37],"tags":[],"class_list":["post-118397","post","type-post","status-publish","format-standard","has-post-thumbnail","","category-politike"],"_links":{"self":[{"href":"https:\/\/rdnews.al\/index.php\/wp-json\/wp\/v2\/posts\/118397","targetHints":{"allow":["GET"]}}],"collection":[{"href":"https:\/\/rdnews.al\/index.php\/wp-json\/wp\/v2\/posts"}],"about":[{"href":"https:\/\/rdnews.al\/index.php\/wp-json\/wp\/v2\/types\/post"}],"author":[{"embeddable":true,"href":"https:\/\/rdnews.al\/index.php\/wp-json\/wp\/v2\/users\/4"}],"replies":[{"embeddable":true,"href":"https:\/\/rdnews.al\/index.php\/wp-json\/wp\/v2\/comments?post=118397"}],"version-history":[{"count":1,"href":"https:\/\/rdnews.al\/index.php\/wp-json\/wp\/v2\/posts\/118397\/revisions"}],"predecessor-version":[{"id":118399,"href":"https:\/\/rdnews.al\/index.php\/wp-json\/wp\/v2\/posts\/118397\/revisions\/118399"}],"wp:featuredmedia":[{"embeddable":true,"href":"https:\/\/rdnews.al\/index.php\/wp-json\/wp\/v2\/media\/118398"}],"wp:attachment":[{"href":"https:\/\/rdnews.al\/index.php\/wp-json\/wp\/v2\/media?parent=118397"}],"wp:term":[{"taxonomy":"category","embeddable":true,"href":"https:\/\/rdnews.al\/index.php\/wp-json\/wp\/v2\/categories?post=118397"},{"taxonomy":"post_tag","embeddable":true,"href":"https:\/\/rdnews.al\/index.php\/wp-json\/wp\/v2\/tags?post=118397"}],"curies":[{"name":"wp","href":"https:\/\/api.w.org\/{rel}","templated":true}]}}