{"id":118411,"date":"2025-07-08T08:25:28","date_gmt":"2025-07-08T08:25:28","guid":{"rendered":"https:\/\/rdnews.al\/?p=118411"},"modified":"2025-07-08T08:26:33","modified_gmt":"2025-07-08T08:26:33","slug":"strazimiri-rama-gjithcka-e-ben-me-arrogance-si-vagabond-nuk-e-ka-problem-te-shkarkoje-drejtore-apo-kryetare-bashkish","status":"publish","type":"post","link":"https:\/\/rdnews.al\/index.php\/2025\/07\/08\/strazimiri-rama-gjithcka-e-ben-me-arrogance-si-vagabond-nuk-e-ka-problem-te-shkarkoje-drejtore-apo-kryetare-bashkish\/","title":{"rendered":"Strazimiri: Rama gjith\u00e7ka po e b\u00ebn me arroganc\u00eb, si vagabond! Nuk e ka problem t\u00eb shkarkoj\u00eb drejtor\u00eb apo kryetar\u00eb bashkish\u00eb&#8230;"},"content":{"rendered":"<p>Deputeti i zgjedhur i PD, Gent Strazimiri n\u00eb nj\u00eb intervist\u00eb n\u00eb Ora News u shpreh se kryeministri Rama nuk e ka problem q\u00eb me nj\u00eb t\u00eb r\u00ebn\u00eb t\u00eb lapsit t\u00eb heqi dhjetra e mij\u00ebra drejtor\u00eb kudo jo vet\u00ebm n\u00eb bashkin\u00eb e Vlor\u00ebs.<\/p>\n<p>\u201cUn\u00eb mendoj se ai vazhdon t\u2019i frym\u00ebzoj\u00eb sepse n\u00ebse biem dakord q\u00eb n\u00eb 11 maj pjesa m\u00eb e madhe e shqiptar\u00ebve p\u00ebr her\u00eb t\u00eb kat\u00ebrt e kan\u00eb dashur pik\u00ebrisht se \u00ebsht\u00eb ky q\u00eb \u00ebsht\u00eb, se ky i frym\u00ebzoi po vazhdon t\u2019i frym\u00ebzoj\u00eb.<\/p>\n<p>I frym\u00ebzon sipas metod\u00ebs s\u00eb tij t\u00eb vjet\u00ebr, \u2018hiqi buk\u00ebn, shtoji drunin\u2019.<\/p>\n<p>At\u00eb po b\u00ebn, po e b\u00ebn me arroganc\u00eb, po e b\u00ebn si vagabond \u00e7ka e b\u00ebn edhe m\u00eb t\u00eb sh\u00ebmtuar k\u00ebt\u00eb situat\u00eb.<\/p>\n<p>\u00cbsht\u00eb ajo q\u00eb e kam\u00eb th\u00ebn\u00eb vazhdimisht, \u00ebsht\u00eb nj\u00eb popull q\u00eb nuk zgjedh dot m\u00eb.<\/p>\n<p>\u00cbsht\u00eb nj\u00eb popull i detyruar t\u2019i thot\u00eb amin p\u00ebr gjith\u00e7ka thot\u00eb.<\/p>\n<p>Ta duroj\u00eb n\u00eb t\u00eb gjith\u00eb vagabondazhin q\u00eb b\u00ebn n\u00eb C\u00ebrrik, n\u00eb Elbasan, n\u00eb Vlor\u00eb dhe kudo tjet\u00ebr.<\/p>\n<p>K\u00ebshtu q\u00eb n\u00eb k\u00ebt\u00eb faz\u00eb jemi katandisur.<\/p>\n<p>Ai \u00ebsht\u00eb gjith\u00e7ka.<\/p>\n<p>Ai detyron prokuroin\u00eb t\u00eb arrestoj\u00eb t\u00eb pafajsh\u00ebm.<\/p>\n<p>Ai detyron gjykat\u00ebn t\u00eb liroj\u00eb kriminel\u00eb.<\/p>\n<p>Sigurisht q\u00eb nuk e ka problem t\u00eb shkarkoj\u00eb kryetar\u00eb bashkish, apo t\u00eb mbaj\u00eb kryetar bashkish.<\/p>\n<p>Nuk e ka problem q\u00eb me nj\u00eb t\u00eb r\u00ebn\u00eb t\u00eb lapsit t\u00eb heq\u00eb dhjetra mij\u00ebra drejtor\u00eb kudo jo vet\u00ebm n\u00eb bashkin\u00eb e Vlor\u00ebs\u201d, tha Strazimiri.<\/p>\n","protected":false},"excerpt":{"rendered":"<p>Deputeti i zgjedhur i PD, Gent Strazimiri n\u00eb nj\u00eb intervist\u00eb n\u00eb Ora News u shpreh se kryeministri Rama nuk e ka problem q\u00eb me nj\u00eb t\u00eb r\u00ebn\u00eb t\u00eb lapsit t\u00eb heqi dhjetra e mij\u00ebra drejtor\u00eb kudo jo vet\u00ebm n\u00eb bashkin\u00eb e Vlor\u00ebs. \u201cUn\u00eb mendoj se ai vazhdon t\u2019i frym\u00ebzoj\u00eb sepse n\u00ebse biem dakord q\u00eb n\u00eb &hellip;<\/p>\n","protected":false},"author":4,"featured_media":118311,"comment_status":"closed","ping_status":"closed","sticky":false,"template":"","format":"standard","meta":{"footnotes":""},"categories":[37],"tags":[],"class_list":["post-118411","post","type-post","status-publish","format-standard","has-post-thumbnail","","category-politike"],"_links":{"self":[{"href":"https:\/\/rdnews.al\/index.php\/wp-json\/wp\/v2\/posts\/118411","targetHints":{"allow":["GET"]}}],"collection":[{"href":"https:\/\/rdnews.al\/index.php\/wp-json\/wp\/v2\/posts"}],"about":[{"href":"https:\/\/rdnews.al\/index.php\/wp-json\/wp\/v2\/types\/post"}],"author":[{"embeddable":true,"href":"https:\/\/rdnews.al\/index.php\/wp-json\/wp\/v2\/users\/4"}],"replies":[{"embeddable":true,"href":"https:\/\/rdnews.al\/index.php\/wp-json\/wp\/v2\/comments?post=118411"}],"version-history":[{"count":3,"href":"https:\/\/rdnews.al\/index.php\/wp-json\/wp\/v2\/posts\/118411\/revisions"}],"predecessor-version":[{"id":118414,"href":"https:\/\/rdnews.al\/index.php\/wp-json\/wp\/v2\/posts\/118411\/revisions\/118414"}],"wp:featuredmedia":[{"embeddable":true,"href":"https:\/\/rdnews.al\/index.php\/wp-json\/wp\/v2\/media\/118311"}],"wp:attachment":[{"href":"https:\/\/rdnews.al\/index.php\/wp-json\/wp\/v2\/media?parent=118411"}],"wp:term":[{"taxonomy":"category","embeddable":true,"href":"https:\/\/rdnews.al\/index.php\/wp-json\/wp\/v2\/categories?post=118411"},{"taxonomy":"post_tag","embeddable":true,"href":"https:\/\/rdnews.al\/index.php\/wp-json\/wp\/v2\/tags?post=118411"}],"curies":[{"name":"wp","href":"https:\/\/api.w.org\/{rel}","templated":true}]}}