{"id":118415,"date":"2025-07-08T08:34:21","date_gmt":"2025-07-08T08:34:21","guid":{"rendered":"https:\/\/rdnews.al\/?p=118415"},"modified":"2025-07-08T08:54:06","modified_gmt":"2025-07-08T08:54:06","slug":"gazetari-arrestimi-i-noyzit-ne-zvicer-e-ka-demtuar-imazhin-e-vendit-se-e-kemi-pare-ne-fushate-me-edi-ramen","status":"publish","type":"post","link":"https:\/\/rdnews.al\/index.php\/2025\/07\/08\/gazetari-arrestimi-i-noyzit-ne-zvicer-e-ka-demtuar-imazhin-e-vendit-se-e-kemi-pare-ne-fushate-me-edi-ramen\/","title":{"rendered":"Arrestimi i Noyzit n\u00eb Zvic\u00ebr\/ Gazetari: Ka d\u00ebmtuar imazhin e vendit sepse ka b\u00ebr\u00eb fushat\u00eb me Edi Ram\u00ebn"},"content":{"rendered":"<p>Nefail Maliqi, gazetar n\u00eb Zvic\u00ebr ka komentuar arrestimin e k\u00ebng\u00ebtarit Noizy n\u00eb Zvic\u00ebr, duke e cil\u00ebsuar k\u00ebt\u00eb ngjarje si nj\u00eb goditje t\u00eb fort\u00eb p\u00ebr imazhin e shqiptar\u00ebve n\u00eb diaspor\u00eb dhe n\u00eb ve\u00e7anti p\u00ebr reputacionin e Shqip\u00ebris\u00eb n\u00eb aren\u00ebn nd\u00ebrkomb\u00ebtare.<\/p>\n<p>Nga studioja e \u201cKafe Shqeto\u201d, Maliqi tha se, rasti i Noizyt dallon nga rastet e m\u00ebparshme t\u00eb artist\u00ebve t\u00eb rajonit q\u00eb jan\u00eb ndaluar p\u00ebr arsye teknike si munges\u00eb vize apo mosnjoftim p\u00ebr mbajtjen e koncerteve\u00a0n\u00eb nj\u00eb shtet si Zvicra, ku\u00a0si\u00e7 thekson Maliqi\u00a0funksionon nj\u00eb sistem i fort\u00eb juridik.<\/p>\n<p>Ai ngre shqet\u00ebsimin se ndalimi i nj\u00eb figure publike t\u00eb lidhur me krime t\u00eb r\u00ebnda dhe dhun\u00eb p\u00ebrb\u00ebn nj\u00eb d\u00ebm serioz p\u00ebr p\u00ebrfaq\u00ebsimin e shqiptar\u00ebve jasht\u00eb vendit, ve\u00e7an\u00ebrisht kur k\u00ebto figura jan\u00eb ekspozuar publikisht p\u00ebrkrah lider\u00ebve politik\u00eb.<\/p>\n<p>&#8220;Vizitat e k\u00ebng\u00ebtar\u00ebve q\u00eb marrin pjes\u00eb n\u00eb koncerte, nga Shqip\u00ebria, Kosova apo Ballkani, nuk \u00ebsht\u00eb ky arrestimi i par\u00eb, por ka pasur edhe t\u00eb tjera t\u00eb k\u00ebng\u00ebtar\u00ebve.<\/p>\n<p>K\u00ebtu desha t\u00eb theksoj, dallimi mes arrestimit t\u00eb fundit t\u00eb Noizyt dhe k\u00ebng\u00ebtar\u00ebve t\u00eb tjer\u00eb \u00ebsht\u00eb se k\u00ebta jan\u00eb arrestuar si munges\u00eb e viz\u00ebs apo p\u00ebr shkak t\u00eb mosnjoftimit t\u00eb mbajtjes s\u00eb koncertit, sepse dihet se k\u00ebtu funksionon shteti juridik.<\/p>\n<p>Noizy \u00ebsht\u00eb arrestuar p\u00ebr krime t\u00eb r\u00ebnda e t\u00eb dhunshme dhe po presim se \u00e7far\u00eb do t\u00eb b\u00ebhet rreth k\u00ebsaj ngjarjeje.<\/p>\n<p>Ju e dini se n\u00eb Zvic\u00ebr jan\u00eb mbi 300 mij\u00eb shqiptar\u00eb, me leje e konfirmuar edhe nga vet\u00eb qeveria zvicerane dhe un\u00eb kam kontaktuar edhe me Zyr\u00ebn Federale t\u00eb Statistikave, ata e thon\u00eb 500 mij\u00eb shqiptar\u00eb dhe kuptohet se pjesa d\u00ebrrmuese jan\u00eb nga Kosova.<\/p>\n<p>Mund t\u00eb them se shqiptar\u00ebt n\u00eb Zvic\u00ebr jan\u00eb shembull suksesi, e ky arrestim i fundit m\u00eb shum\u00eb e ka humbur imazhin e Shqip\u00ebris\u00eb.<\/p>\n<p>Pse e them k\u00ebt\u00eb? Sepse ne e kemi par\u00eb k\u00ebt\u00eb artist krah p\u00ebr krah me krer\u00ebt e shtetit shqiptar, e kemi par\u00eb n\u00eb fushat\u00ebn e fundit me Edi Ram\u00ebn\u00a0dhe kjo e ka d\u00ebmtuar imazhin e vendit&#8221;, tha Maliqi.<\/p>\n","protected":false},"excerpt":{"rendered":"<p>Nefail Maliqi, gazetar n\u00eb Zvic\u00ebr ka komentuar arrestimin e k\u00ebng\u00ebtarit Noizy n\u00eb Zvic\u00ebr, duke e cil\u00ebsuar k\u00ebt\u00eb ngjarje si nj\u00eb goditje t\u00eb fort\u00eb p\u00ebr imazhin e shqiptar\u00ebve n\u00eb diaspor\u00eb dhe n\u00eb ve\u00e7anti p\u00ebr reputacionin e Shqip\u00ebris\u00eb n\u00eb aren\u00ebn nd\u00ebrkomb\u00ebtare. Nga studioja e \u201cKafe Shqeto\u201d, Maliqi tha se, rasti i Noizyt dallon nga rastet e m\u00ebparshme &hellip;<\/p>\n","protected":false},"author":4,"featured_media":118423,"comment_status":"closed","ping_status":"closed","sticky":false,"template":"","format":"standard","meta":{"footnotes":""},"categories":[37],"tags":[],"class_list":["post-118415","post","type-post","status-publish","format-standard","has-post-thumbnail","","category-politike"],"_links":{"self":[{"href":"https:\/\/rdnews.al\/index.php\/wp-json\/wp\/v2\/posts\/118415","targetHints":{"allow":["GET"]}}],"collection":[{"href":"https:\/\/rdnews.al\/index.php\/wp-json\/wp\/v2\/posts"}],"about":[{"href":"https:\/\/rdnews.al\/index.php\/wp-json\/wp\/v2\/types\/post"}],"author":[{"embeddable":true,"href":"https:\/\/rdnews.al\/index.php\/wp-json\/wp\/v2\/users\/4"}],"replies":[{"embeddable":true,"href":"https:\/\/rdnews.al\/index.php\/wp-json\/wp\/v2\/comments?post=118415"}],"version-history":[{"count":4,"href":"https:\/\/rdnews.al\/index.php\/wp-json\/wp\/v2\/posts\/118415\/revisions"}],"predecessor-version":[{"id":118425,"href":"https:\/\/rdnews.al\/index.php\/wp-json\/wp\/v2\/posts\/118415\/revisions\/118425"}],"wp:featuredmedia":[{"embeddable":true,"href":"https:\/\/rdnews.al\/index.php\/wp-json\/wp\/v2\/media\/118423"}],"wp:attachment":[{"href":"https:\/\/rdnews.al\/index.php\/wp-json\/wp\/v2\/media?parent=118415"}],"wp:term":[{"taxonomy":"category","embeddable":true,"href":"https:\/\/rdnews.al\/index.php\/wp-json\/wp\/v2\/categories?post=118415"},{"taxonomy":"post_tag","embeddable":true,"href":"https:\/\/rdnews.al\/index.php\/wp-json\/wp\/v2\/tags?post=118415"}],"curies":[{"name":"wp","href":"https:\/\/api.w.org\/{rel}","templated":true}]}}