{"id":118440,"date":"2025-07-08T10:15:40","date_gmt":"2025-07-08T10:15:40","guid":{"rendered":"https:\/\/rdnews.al\/?p=118440"},"modified":"2025-07-08T10:15:40","modified_gmt":"2025-07-08T10:15:40","slug":"i-burgosuri-politik-ervin-salianji-lirohet-nga-burgu","status":"publish","type":"post","link":"https:\/\/rdnews.al\/index.php\/2025\/07\/08\/i-burgosuri-politik-ervin-salianji-lirohet-nga-burgu\/","title":{"rendered":"I burgosuri politik Ervin Salianji lirohet nga burgu"},"content":{"rendered":"<p>Ervin Salianji do t\u00eb lirohet sot nga qelia, duke p\u00ebrfituar lirimin me kusht pas seanc\u00ebs s\u00eb sotme n\u00eb Gjykat\u00ebn e Fierit.<\/p>\n<p>Salianji ndodhej n\u00eb burgun e Fierit prej shtatorit t\u00eb vitit 2024, pasi u d\u00ebnua me 1 vit burg me vendim t\u00eb form\u00ebs s\u00eb prer\u00eb p\u00ebr kall\u00ebzim t\u00eb rrem\u00eb n\u00eb lidhje me \u00e7\u00ebshtjen \u201cBabale\u201d.<\/p>\n","protected":false},"excerpt":{"rendered":"<p>Ervin Salianji do t\u00eb lirohet sot nga qelia, duke p\u00ebrfituar lirimin me kusht pas seanc\u00ebs s\u00eb sotme n\u00eb Gjykat\u00ebn e Fierit. Salianji ndodhej n\u00eb burgun e Fierit prej shtatorit t\u00eb vitit 2024, pasi u d\u00ebnua me 1 vit burg me vendim t\u00eb form\u00ebs s\u00eb prer\u00eb p\u00ebr kall\u00ebzim t\u00eb rrem\u00eb n\u00eb lidhje me \u00e7\u00ebshtjen \u201cBabale\u201d.<\/p>\n","protected":false},"author":3,"featured_media":48988,"comment_status":"closed","ping_status":"closed","sticky":false,"template":"","format":"standard","meta":{"footnotes":""},"categories":[37],"tags":[],"class_list":["post-118440","post","type-post","status-publish","format-standard","has-post-thumbnail","","category-politike"],"_links":{"self":[{"href":"https:\/\/rdnews.al\/index.php\/wp-json\/wp\/v2\/posts\/118440","targetHints":{"allow":["GET"]}}],"collection":[{"href":"https:\/\/rdnews.al\/index.php\/wp-json\/wp\/v2\/posts"}],"about":[{"href":"https:\/\/rdnews.al\/index.php\/wp-json\/wp\/v2\/types\/post"}],"author":[{"embeddable":true,"href":"https:\/\/rdnews.al\/index.php\/wp-json\/wp\/v2\/users\/3"}],"replies":[{"embeddable":true,"href":"https:\/\/rdnews.al\/index.php\/wp-json\/wp\/v2\/comments?post=118440"}],"version-history":[{"count":1,"href":"https:\/\/rdnews.al\/index.php\/wp-json\/wp\/v2\/posts\/118440\/revisions"}],"predecessor-version":[{"id":118441,"href":"https:\/\/rdnews.al\/index.php\/wp-json\/wp\/v2\/posts\/118440\/revisions\/118441"}],"wp:featuredmedia":[{"embeddable":true,"href":"https:\/\/rdnews.al\/index.php\/wp-json\/wp\/v2\/media\/48988"}],"wp:attachment":[{"href":"https:\/\/rdnews.al\/index.php\/wp-json\/wp\/v2\/media?parent=118440"}],"wp:term":[{"taxonomy":"category","embeddable":true,"href":"https:\/\/rdnews.al\/index.php\/wp-json\/wp\/v2\/categories?post=118440"},{"taxonomy":"post_tag","embeddable":true,"href":"https:\/\/rdnews.al\/index.php\/wp-json\/wp\/v2\/tags?post=118440"}],"curies":[{"name":"wp","href":"https:\/\/api.w.org\/{rel}","templated":true}]}}