{"id":118449,"date":"2025-07-08T10:52:04","date_gmt":"2025-07-08T10:52:04","guid":{"rendered":"https:\/\/rdnews.al\/?p=118449"},"modified":"2025-07-08T10:52:04","modified_gmt":"2025-07-08T10:52:04","slug":"lirimi-i-salianjit-berisha-u-denua-politikisht-nga-edi-rama-dhe-fatmir-xhafaj-kreret-e-organizates-kriminale-te-narkoshtetit","status":"publish","type":"post","link":"https:\/\/rdnews.al\/index.php\/2025\/07\/08\/lirimi-i-salianjit-berisha-u-denua-politikisht-nga-edi-rama-dhe-fatmir-xhafaj-kreret-e-organizates-kriminale-te-narkoshtetit\/","title":{"rendered":"Lirimi i Salianjit\/ Berisha: U d\u00ebnua politikisht nga Edi Rama dhe Fatmir Xhafaj, krer\u00ebt e organizat\u00ebs kriminale t\u00eb narkoshtetit"},"content":{"rendered":"<p>Kryetari i Partis\u00eb Demokratike, Sali Berisha, n\u00eb konferenc\u00eb p\u00ebr mediat nga selia blu, ka komentuar lirimin nga qelia t\u00eb ish-deputetit demokrat Ervin Salianji.<\/p>\n<p>Berisha tha se, d\u00ebnoj edhe nj\u00ebher\u00eb me forc\u00ebn m\u00eb t\u00eb madhe, d\u00ebnimin politik ndaj deputetit Ervin Salianji nga Edi Rama dhe Fatmir Xhafaj, krer\u00eb kryesor\u00eb t\u00eb organizat\u00ebs kriminale t\u00eb narkoshtetit. Ervin Salianji vuajti jasht\u00eb \u00e7do lloj ligji, Kushtetute dhe rregulli.<\/p>\n<p>\u201cPara se t\u00eb ndalemi n\u00eb fars\u00ebn e turpshme elektorale, 11 maj 2025, dua t\u00eb d\u00ebnoj edhe nj\u00ebher\u00eb me forc\u00ebn m\u00eb t\u00eb madhe, d\u00ebnimin politik ndaj deputetit Ervin Salianji nga Edi Rama dhe Fatmir Xhafaj, krer\u00eb kryesor\u00eb t\u00eb organizat\u00ebs kriminale t\u00eb narkoshtetit.<\/p>\n<p>Ervin Salianji vuajti jasht\u00eb \u00e7do lloj ligji, Kushtetute dhe rregulli.<\/p>\n<p>9 muaj n\u00eb burg vet\u00ebm e vet\u00ebm pse denoncoi Geron Xhaf\u00ebn si trafikant kryesor n\u00eb qarkun e Vlor\u00ebs, i cili k\u00ebrkohej n\u00eb Milano.<\/p>\n<p>Burgosja e Ervin Salianjit kishte si synim kryesor burgosjen e t\u00eb v\u00ebrtet\u00ebs se Edi Rama, Fatmir Xhafaj dhe Geron Xhafaj udh\u00ebhiqnin dhe p\u00ebrfitonin nga trafiqet nga Vlora drejt Italis\u00eb.<\/p>\n<p>Natyrisht mbajtja n\u00eb burg e Ervin Salianjit pa asnj\u00eb faj \u00ebsht\u00eb p\u00ebrgjegj\u00ebsi direkt personale e Edi Ram\u00ebs dhe Fatmir Xhaf\u00ebs.<\/p>\n<p>Vendimi i sot\u00ebm i gjykat\u00ebs u shty po me urdh\u00ebr t\u00eb Edi Ram\u00ebs dhe Fatmir Xhaf\u00ebs mbi 6 jav\u00eb n\u00eb nj\u00eb akt t\u00eb turpsh\u00ebm dhe hakmarr\u00ebs pa fund\u201d, tha Berisha.<\/p>\n","protected":false},"excerpt":{"rendered":"<p>Kryetari i Partis\u00eb Demokratike, Sali Berisha, n\u00eb konferenc\u00eb p\u00ebr mediat nga selia blu, ka komentuar lirimin nga qelia t\u00eb ish-deputetit demokrat Ervin Salianji. Berisha tha se, d\u00ebnoj edhe nj\u00ebher\u00eb me forc\u00ebn m\u00eb t\u00eb madhe, d\u00ebnimin politik ndaj deputetit Ervin Salianji nga Edi Rama dhe Fatmir Xhafaj, krer\u00eb kryesor\u00eb t\u00eb organizat\u00ebs kriminale t\u00eb narkoshtetit. Ervin Salianji &hellip;<\/p>\n","protected":false},"author":4,"featured_media":118332,"comment_status":"closed","ping_status":"closed","sticky":false,"template":"","format":"standard","meta":{"footnotes":""},"categories":[37],"tags":[],"class_list":["post-118449","post","type-post","status-publish","format-standard","has-post-thumbnail","","category-politike"],"_links":{"self":[{"href":"https:\/\/rdnews.al\/index.php\/wp-json\/wp\/v2\/posts\/118449","targetHints":{"allow":["GET"]}}],"collection":[{"href":"https:\/\/rdnews.al\/index.php\/wp-json\/wp\/v2\/posts"}],"about":[{"href":"https:\/\/rdnews.al\/index.php\/wp-json\/wp\/v2\/types\/post"}],"author":[{"embeddable":true,"href":"https:\/\/rdnews.al\/index.php\/wp-json\/wp\/v2\/users\/4"}],"replies":[{"embeddable":true,"href":"https:\/\/rdnews.al\/index.php\/wp-json\/wp\/v2\/comments?post=118449"}],"version-history":[{"count":1,"href":"https:\/\/rdnews.al\/index.php\/wp-json\/wp\/v2\/posts\/118449\/revisions"}],"predecessor-version":[{"id":118450,"href":"https:\/\/rdnews.al\/index.php\/wp-json\/wp\/v2\/posts\/118449\/revisions\/118450"}],"wp:featuredmedia":[{"embeddable":true,"href":"https:\/\/rdnews.al\/index.php\/wp-json\/wp\/v2\/media\/118332"}],"wp:attachment":[{"href":"https:\/\/rdnews.al\/index.php\/wp-json\/wp\/v2\/media?parent=118449"}],"wp:term":[{"taxonomy":"category","embeddable":true,"href":"https:\/\/rdnews.al\/index.php\/wp-json\/wp\/v2\/categories?post=118449"},{"taxonomy":"post_tag","embeddable":true,"href":"https:\/\/rdnews.al\/index.php\/wp-json\/wp\/v2\/tags?post=118449"}],"curies":[{"name":"wp","href":"https:\/\/api.w.org\/{rel}","templated":true}]}}