{"id":118451,"date":"2025-07-08T10:55:40","date_gmt":"2025-07-08T10:55:40","guid":{"rendered":"https:\/\/rdnews.al\/?p=118451"},"modified":"2025-07-08T10:55:40","modified_gmt":"2025-07-08T10:55:40","slug":"berisha-me-urdher-te-edi-rames-dhe-uluzi-manjes-bandite-me-uniforme-kane-ushtruar-terror-psikologjik-ndaj-ilir-metes-pse-dha-nje-interviste-ne-media","status":"publish","type":"post","link":"https:\/\/rdnews.al\/index.php\/2025\/07\/08\/berisha-me-urdher-te-edi-rames-dhe-uluzi-manjes-bandite-me-uniforme-kane-ushtruar-terror-psikologjik-ndaj-ilir-metes-pse-dha-nje-interviste-ne-media\/","title":{"rendered":"Berisha: Me urdh\u00ebr t\u00eb Edi Ram\u00ebs dhe Uluzi Manj\u00ebs, bandit\u00eb me uniform\u00eb kan\u00eb ushtruar terror psikologjik ndaj Ilir Met\u00ebs pse dha nj\u00eb intervist\u00eb n\u00eb media"},"content":{"rendered":"<p>Lideri i opozit\u00ebs, Sali Berisha, n\u00eb konferenc\u00ebn e sotme me gazetar\u00ebt, u shpreh se, ndaj kreut t\u00eb Partis\u00eb s\u00eb Liris\u00eb, Ilir Meta, \u00ebsht\u00eb ushtruar terror psikologjik n\u00eb burg me urdh\u00ebr t\u00eb Edi Ram\u00ebs dhe Ulsi Manj\u00ebs. Kjo sipas tij, \u00ebsht\u00eb b\u00ebr\u00eb pasi Meta dha nj\u00eb intervist\u00eb p\u00ebr media.<\/p>\n<p>\u201cKrahas saj, dua t\u00eb denoncoj k\u00ebtu para jush q\u00ebndrimet e terrorit psikologjik ndaj t\u00eb burgosurit tjet\u00ebr politik, ish-presidentit, ish-kryeministrit dhe ish-kryetarit t\u00eb parlamentit, Ilir Meta, gjat\u00eb k\u00ebtyre dit\u00ebve n\u00eb vazhdim.<\/p>\n<p>Me urdh\u00ebr t\u00eb Edi Ram\u00ebs dhe Uluzi Manj\u00ebs, bandit\u00eb me uniform\u00eb n\u00eb burgun e Fierit kan\u00eb ushtruar terror psikologjik ndaj Ilir Met\u00ebs sepse ai ka dh\u00ebn\u00eb nj\u00eb intervist\u00eb n\u00eb media, ka ushtruar t\u00eb drejt\u00ebn e fjal\u00ebs s\u00eb tij.<\/p>\n<p>Ky akt i sh\u00ebmtuar i nd\u00ebshkimit p\u00ebr fjal\u00ebn e lir\u00eb tregon tmerrin q\u00eb Edi Rama ka p\u00ebr krimet politike q\u00eb ka kryer.<\/p>\n<p>Bandit\u00eb me uniform\u00eb n\u00eb zbatim t\u00eb urdhrit t\u00eb Edi Ram\u00ebs dhe Uluzi Manj\u00ebs kan\u00eb shkuar gjer aty sa nuk i kan\u00eb lejuar takimin me familjar\u00ebt duket pretenduar se jan\u00eb 4 dhe mund t\u00eb futen vet\u00ebm 3, dhe akte t\u00eb tjera.<\/p>\n<p>I kan\u00eb hequr telefonin dhe t\u00eb drejt\u00ebn e komunikimit sepse, sipas tyre, ka komunikuar me Sekretarin e P\u00ebrgjithsh\u00ebm t\u00eb partis\u00eb s\u00eb tij.<\/p>\n<p>K\u00ebto jan\u00eb akte jasht\u00ebzakonisht t\u00eb r\u00ebnda t\u00eb nj\u00eb narkoshteti q\u00eb nuk ndodhin as n\u00eb burgjet e Bjellorusis\u00eb apo Rusis\u00eb.<\/p>\n<p>K\u00ebto ndodhin vet\u00ebm n\u00eb Venezuel\u00ebn e Maduros, ndaj dhe Edi Rama \u00ebsht\u00eb nj\u00eb Ramaduro\u201d, tha Berisha.<\/p>\n","protected":false},"excerpt":{"rendered":"<p>Lideri i opozit\u00ebs, Sali Berisha, n\u00eb konferenc\u00ebn e sotme me gazetar\u00ebt, u shpreh se, ndaj kreut t\u00eb Partis\u00eb s\u00eb Liris\u00eb, Ilir Meta, \u00ebsht\u00eb ushtruar terror psikologjik n\u00eb burg me urdh\u00ebr t\u00eb Edi Ram\u00ebs dhe Ulsi Manj\u00ebs. Kjo sipas tij, \u00ebsht\u00eb b\u00ebr\u00eb pasi Meta dha nj\u00eb intervist\u00eb p\u00ebr media. \u201cKrahas saj, dua t\u00eb denoncoj k\u00ebtu para &hellip;<\/p>\n","protected":false},"author":4,"featured_media":117246,"comment_status":"closed","ping_status":"closed","sticky":false,"template":"","format":"standard","meta":{"footnotes":""},"categories":[37],"tags":[],"class_list":["post-118451","post","type-post","status-publish","format-standard","has-post-thumbnail","","category-politike"],"_links":{"self":[{"href":"https:\/\/rdnews.al\/index.php\/wp-json\/wp\/v2\/posts\/118451","targetHints":{"allow":["GET"]}}],"collection":[{"href":"https:\/\/rdnews.al\/index.php\/wp-json\/wp\/v2\/posts"}],"about":[{"href":"https:\/\/rdnews.al\/index.php\/wp-json\/wp\/v2\/types\/post"}],"author":[{"embeddable":true,"href":"https:\/\/rdnews.al\/index.php\/wp-json\/wp\/v2\/users\/4"}],"replies":[{"embeddable":true,"href":"https:\/\/rdnews.al\/index.php\/wp-json\/wp\/v2\/comments?post=118451"}],"version-history":[{"count":1,"href":"https:\/\/rdnews.al\/index.php\/wp-json\/wp\/v2\/posts\/118451\/revisions"}],"predecessor-version":[{"id":118452,"href":"https:\/\/rdnews.al\/index.php\/wp-json\/wp\/v2\/posts\/118451\/revisions\/118452"}],"wp:featuredmedia":[{"embeddable":true,"href":"https:\/\/rdnews.al\/index.php\/wp-json\/wp\/v2\/media\/117246"}],"wp:attachment":[{"href":"https:\/\/rdnews.al\/index.php\/wp-json\/wp\/v2\/media?parent=118451"}],"wp:term":[{"taxonomy":"category","embeddable":true,"href":"https:\/\/rdnews.al\/index.php\/wp-json\/wp\/v2\/categories?post=118451"},{"taxonomy":"post_tag","embeddable":true,"href":"https:\/\/rdnews.al\/index.php\/wp-json\/wp\/v2\/tags?post=118451"}],"curies":[{"name":"wp","href":"https:\/\/api.w.org\/{rel}","templated":true}]}}