{"id":118453,"date":"2025-07-08T11:06:08","date_gmt":"2025-07-08T11:06:08","guid":{"rendered":"https:\/\/rdnews.al\/?p=118453"},"modified":"2025-07-08T11:13:09","modified_gmt":"2025-07-08T11:13:09","slug":"berisha-denoncon-skandalin-altin-troplini-ka-hapur-ceshtje-personale-pa-person-per-problemin-e-irena-gjokes","status":"publish","type":"post","link":"https:\/\/rdnews.al\/index.php\/2025\/07\/08\/berisha-denoncon-skandalin-altin-troplini-ka-hapur-ceshtje-personale-pa-person-per-problemin-e-irena-gjokes\/","title":{"rendered":"Berisha denoncon skandalin: Altin Troplini ka hapur \u00e7\u00ebshtje personale pa person, p\u00ebr problemin e Irena Gjok\u00ebs"},"content":{"rendered":"<p>Kryetari i Partis\u00eb Demokratike, Sali Berisha, n\u00eb nj\u00eb konferenc\u00eb p\u00ebr mediat nga selia blu, ka denoncuar skandalin e hapjes s\u00eb \u00e7\u00ebshtjeve penale pa person nga Altin Troplini.<\/p>\n<p>Ai tha se Troplini ka nisur hetime pa pranin\u00eb e Irena Gjok\u00ebs, duke e p\u00ebrpjekur t\u00eb paraqes\u00eb at\u00eb si viktim\u00eb n\u00eb m\u00ebnyr\u00eb t\u00eb padrejt\u00eb. Berisha e cil\u00ebsoi k\u00ebt\u00eb si nj\u00eb akt turpsh\u00ebm dhe nj\u00eb p\u00ebrpjekje p\u00ebr mbrojtjen e interesave personale dhe mafioze.<\/p>\n<p>\u201cS\u00eb fundmi, dua t\u00eb informoj opinionin p\u00ebr aktin fasad\u00eb, t\u00eb turpsh\u00ebm t\u00eb Altin Troplinit, i cili n\u00eb nj\u00eb akt pafytyr\u00ebsie, ka hapur \u00e7\u00ebshtje personale pa person p\u00ebr problemin e Irena Gjok\u00ebs.<\/p>\n<p>Pra, ka hapur \u00e7\u00ebshtje penale pa person, pa Iren\u00ebn, p\u00ebr Irena Gjok\u00ebn.<\/p>\n<p>N\u00eb nj\u00eb p\u00ebrpjekje t\u00eb turpshme p\u00ebr t\u00eb nxjerr\u00eb se Irena \u00ebsht\u00eb viktim\u00eb dhe i kan\u00eb marr\u00eb pasaport\u00ebn.<\/p>\n<p>A mund t\u00eb imagjinoni ju se \u00e7far\u00eb llumi profesional dhe njer\u00ebzor ka k\u00ebtu?<\/p>\n<p>Irena me firm\u00eb dhe me vul\u00eb ka autorizuar me note avokat\u00ebt p\u00ebr t\u2019u marr\u00eb me d\u00ebnimet e saj n\u00eb Greqi dhe Altin Dumani hap \u00e7\u00ebshtje penale jo p\u00ebr personin, por p\u00ebr \u00e7\u00ebshtjen, vet\u00ebm e vet\u00ebm si ta mbroj\u00eb sepse \u00ebsht\u00eb vet\u00eb nj\u00eb Iren\u00eb me pantallona.<\/p>\n<p>Dumani p\u00ebrfaq\u00ebson nj\u00eb Iren\u00eb me pantallona.<\/p>\n<p>Nj\u00eb njeri q\u00eb ka fshehur origjin\u00ebn e pasurive, tre apartamente dhe banon n\u00eb nj\u00eb vil\u00eb tjet\u00ebr tek vjehrri.<\/p>\n<p>Pra, si\u00e7 e shihni, nj\u00eb kalb\u00ebsir\u00eb mafioze e narkoshtetit po dekompozohet\u201d, tha Berisha.<\/p>\n","protected":false},"excerpt":{"rendered":"<p>Kryetari i Partis\u00eb Demokratike, Sali Berisha, n\u00eb nj\u00eb konferenc\u00eb p\u00ebr mediat nga selia blu, ka denoncuar skandalin e hapjes s\u00eb \u00e7\u00ebshtjeve penale pa person nga Altin Troplini. Ai tha se Troplini ka nisur hetime pa pranin\u00eb e Irena Gjok\u00ebs, duke e p\u00ebrpjekur t\u00eb paraqes\u00eb at\u00eb si viktim\u00eb n\u00eb m\u00ebnyr\u00eb t\u00eb padrejt\u00eb. Berisha e cil\u00ebsoi k\u00ebt\u00eb &hellip;<\/p>\n","protected":false},"author":4,"featured_media":118454,"comment_status":"closed","ping_status":"closed","sticky":false,"template":"","format":"standard","meta":{"footnotes":""},"categories":[134],"tags":[],"class_list":["post-118453","post","type-post","status-publish","format-standard","has-post-thumbnail","","category-news"],"_links":{"self":[{"href":"https:\/\/rdnews.al\/index.php\/wp-json\/wp\/v2\/posts\/118453","targetHints":{"allow":["GET"]}}],"collection":[{"href":"https:\/\/rdnews.al\/index.php\/wp-json\/wp\/v2\/posts"}],"about":[{"href":"https:\/\/rdnews.al\/index.php\/wp-json\/wp\/v2\/types\/post"}],"author":[{"embeddable":true,"href":"https:\/\/rdnews.al\/index.php\/wp-json\/wp\/v2\/users\/4"}],"replies":[{"embeddable":true,"href":"https:\/\/rdnews.al\/index.php\/wp-json\/wp\/v2\/comments?post=118453"}],"version-history":[{"count":1,"href":"https:\/\/rdnews.al\/index.php\/wp-json\/wp\/v2\/posts\/118453\/revisions"}],"predecessor-version":[{"id":118455,"href":"https:\/\/rdnews.al\/index.php\/wp-json\/wp\/v2\/posts\/118453\/revisions\/118455"}],"wp:featuredmedia":[{"embeddable":true,"href":"https:\/\/rdnews.al\/index.php\/wp-json\/wp\/v2\/media\/118454"}],"wp:attachment":[{"href":"https:\/\/rdnews.al\/index.php\/wp-json\/wp\/v2\/media?parent=118453"}],"wp:term":[{"taxonomy":"category","embeddable":true,"href":"https:\/\/rdnews.al\/index.php\/wp-json\/wp\/v2\/categories?post=118453"},{"taxonomy":"post_tag","embeddable":true,"href":"https:\/\/rdnews.al\/index.php\/wp-json\/wp\/v2\/tags?post=118453"}],"curies":[{"name":"wp","href":"https:\/\/api.w.org\/{rel}","templated":true}]}}