{"id":118467,"date":"2025-07-08T11:25:56","date_gmt":"2025-07-08T11:25:56","guid":{"rendered":"https:\/\/rdnews.al\/?p=118467"},"modified":"2025-07-08T11:25:56","modified_gmt":"2025-07-08T11:25:56","slug":"skandali-me-votat-e-diaspores-berisha-publikon-provat-tronditese-dhl-i-dorezoi-zarfet-pa-asnje-firme-ne-zyrat-e-ps-se","status":"publish","type":"post","link":"https:\/\/rdnews.al\/index.php\/2025\/07\/08\/skandali-me-votat-e-diaspores-berisha-publikon-provat-tronditese-dhl-i-dorezoi-zarfet-pa-asnje-firme-ne-zyrat-e-ps-se\/","title":{"rendered":"Skandali me votat e diaspor\u00ebs\/ Berisha publikon provat trondit\u00ebse: DHL i dor\u00ebzoi zarfet pa asnj\u00eb firm\u00eb n\u00eb zyrat e PS-s\u00eb"},"content":{"rendered":"<p>Lideri i opozit\u00ebs, Sali Berisha, n\u00eb nj\u00eb deklarat\u00eb p\u00ebr mediat, denoncoi nj\u00eb skandal t\u00eb r\u00ebnd\u00eb lidhur me votat e diaspor\u00ebs, duke publikuar sipas tij prova trondit\u00ebse q\u00eb implikojn\u00eb Partin\u00eb Socialiste dhe kompanin\u00eb nd\u00ebrkomb\u00ebtare t\u00eb shp\u00ebrndarjes DHL.<br \/>\nAi deklaroi se zarfe t\u00eb votimit jan\u00eb dor\u00ebzuar pa asnj\u00eb firm\u00eb n\u00eb zyrat e PS-s\u00eb dhe jan\u00eb plot\u00ebsuar atje, duke v\u00ebn\u00eb n\u00eb dyshim integritetin e procesit zgjedhor.<br \/>\n\u201cSot kam zgjedhur p\u00ebr t\u00eb paraqitur para jush fatura t\u00eb DHL-s\u00eb, dor\u00ebzime t\u00eb zarfeve t\u00eb votimit, por q\u00eb nuk kan\u00eb asnj\u00eb firm\u00eb.<br \/>\nShihni tani. Nga qindra e qindra kam zgjedhur disa.<br \/>\nJa, pa firm\u00eb.<br \/>\nTjet\u00ebr, pa firm\u00eb fare.<br \/>\nVazhdo, pa firm\u00eb.<br \/>\nNuk ka firm\u00eb.<br \/>\nNuk ka firm\u00eb&#8230;<br \/>\nYlberi nuk ka firm\u00eb. Hatixhja nuk ka firm\u00eb. Ylberi nuk ka firm\u00eb, Gazmiri nuk ka firm\u00eb, Valentina nuk ka firm\u00eb, Mentori nuk ka firm\u00eb&#8230;<br \/>\nVazhdo pa firm\u00eb.<br \/>\nJu lutem, i ftoj qytetar\u00ebt t\u00eb p\u00ebrqendrohen.<br \/>\nUrdh\u00ebroni se kujt ia ka dor\u00ebzuar zarfet p\u00ebr firm\u00eb DHL-ja, i ka dor\u00ebzuar n\u00eb zyrat e PS, ndaj jan\u00eb t\u00eb gjitha pa firm\u00eb.<br \/>\nDhe jan\u00eb plot\u00ebsuar n\u00eb zyrat e PS.<br \/>\nK\u00ebto ishin.<br \/>\nKemi me qindra e qindra, por ne zgjodh\u00ebm k\u00ebto se nuk mund t\u2019u mbajm\u00eb kaq gjat\u00eb\u201d, tha Berisha.<\/p>\n","protected":false},"excerpt":{"rendered":"<p>Lideri i opozit\u00ebs, Sali Berisha, n\u00eb nj\u00eb deklarat\u00eb p\u00ebr mediat, denoncoi nj\u00eb skandal t\u00eb r\u00ebnd\u00eb lidhur me votat e diaspor\u00ebs, duke publikuar sipas tij prova trondit\u00ebse q\u00eb implikojn\u00eb Partin\u00eb Socialiste dhe kompanin\u00eb nd\u00ebrkomb\u00ebtare t\u00eb shp\u00ebrndarjes DHL. Ai deklaroi se zarfe t\u00eb votimit jan\u00eb dor\u00ebzuar pa asnj\u00eb firm\u00eb n\u00eb zyrat e PS-s\u00eb dhe jan\u00eb plot\u00ebsuar atje, &hellip;<\/p>\n","protected":false},"author":4,"featured_media":118468,"comment_status":"closed","ping_status":"closed","sticky":false,"template":"","format":"standard","meta":{"footnotes":""},"categories":[37],"tags":[],"class_list":["post-118467","post","type-post","status-publish","format-standard","has-post-thumbnail","","category-politike"],"_links":{"self":[{"href":"https:\/\/rdnews.al\/index.php\/wp-json\/wp\/v2\/posts\/118467","targetHints":{"allow":["GET"]}}],"collection":[{"href":"https:\/\/rdnews.al\/index.php\/wp-json\/wp\/v2\/posts"}],"about":[{"href":"https:\/\/rdnews.al\/index.php\/wp-json\/wp\/v2\/types\/post"}],"author":[{"embeddable":true,"href":"https:\/\/rdnews.al\/index.php\/wp-json\/wp\/v2\/users\/4"}],"replies":[{"embeddable":true,"href":"https:\/\/rdnews.al\/index.php\/wp-json\/wp\/v2\/comments?post=118467"}],"version-history":[{"count":1,"href":"https:\/\/rdnews.al\/index.php\/wp-json\/wp\/v2\/posts\/118467\/revisions"}],"predecessor-version":[{"id":118469,"href":"https:\/\/rdnews.al\/index.php\/wp-json\/wp\/v2\/posts\/118467\/revisions\/118469"}],"wp:featuredmedia":[{"embeddable":true,"href":"https:\/\/rdnews.al\/index.php\/wp-json\/wp\/v2\/media\/118468"}],"wp:attachment":[{"href":"https:\/\/rdnews.al\/index.php\/wp-json\/wp\/v2\/media?parent=118467"}],"wp:term":[{"taxonomy":"category","embeddable":true,"href":"https:\/\/rdnews.al\/index.php\/wp-json\/wp\/v2\/categories?post=118467"},{"taxonomy":"post_tag","embeddable":true,"href":"https:\/\/rdnews.al\/index.php\/wp-json\/wp\/v2\/tags?post=118467"}],"curies":[{"name":"wp","href":"https:\/\/api.w.org\/{rel}","templated":true}]}}