{"id":118473,"date":"2025-07-08T11:37:40","date_gmt":"2025-07-08T11:37:40","guid":{"rendered":"https:\/\/rdnews.al\/?p=118473"},"modified":"2025-07-08T11:40:52","modified_gmt":"2025-07-08T11:40:52","slug":"berisha-qellimi-kryesor-i-edi-rames-ishte-ti-kepuste-karrieren-politike-salianjit-se-e-kishte-tmerr","status":"publish","type":"post","link":"https:\/\/rdnews.al\/index.php\/2025\/07\/08\/berisha-qellimi-kryesor-i-edi-rames-ishte-ti-kepuste-karrieren-politike-salianjit-se-e-kishte-tmerr\/","title":{"rendered":"Berisha: Q\u00ebllimi kryesor i Edi Ram\u00ebs ishte t\u2019i k\u00ebpuste karrier\u00ebn politike Salianjit se e kishte tmerr!"},"content":{"rendered":"<p>N\u00eb konferenc\u00ebn me gazetar\u00ebt t\u00eb zhvilluar sot, kreu i PD, Sali Berisha u shpreh se q\u00ebllimi kryesor i Edi Ram\u00ebs ka qen\u00eb shk\u00ebputja nga politika e Ervin Salianjit.<\/p>\n<p>Burgosja e k\u00ebtij t\u00eb fundit sipas Berish\u00ebs, ishte p\u00ebr q\u00ebllimin q\u00eb t\u00eb mos kandidonte m\u00eb p\u00ebr deputet dhe p\u00ebr t\u00eb mos qen\u00eb k\u00ebshtu pjes\u00eb e Parlamentit.<\/p>\n<p>\u201cErvin Salianji \u00ebsht\u00eb nj\u00eb nga drejtuesit e PD, aktiv dhe do jap\u00eb kontributin e tij.<\/p>\n<p>Sikund\u00ebr u garantoj se ai do t\u00eb damkos\u00eb n\u00eb t\u00eb gjitha shkall\u00ebt nd\u00ebrkomb\u00ebtare t\u00eb gjyq\u00ebsorit, sepse q\u00ebllimi kryesor i Edi Ram\u00ebs ishte t\u2019i k\u00ebpuste karrier\u00ebn politike atij, q\u00eb ai t\u00eb mos kandidonte m\u00eb n\u00eb parlament se e kishte tmerr.<\/p>\n<p>Edi Rama dhe Fatmir Xhafaj, dy bos\u00eb kryesor\u00eb t\u00eb organizat\u00ebs kriminale t\u00eb narkoshtetit, u plagos\u00ebn r\u00ebnd\u00eb nga denoncimet e Ervin Salianjit\u201d, tha Berisha.<\/p>\n","protected":false},"excerpt":{"rendered":"<p>N\u00eb konferenc\u00ebn me gazetar\u00ebt t\u00eb zhvilluar sot, kreu i PD, Sali Berisha u shpreh se q\u00ebllimi kryesor i Edi Ram\u00ebs ka qen\u00eb shk\u00ebputja nga politika e Ervin Salianjit. Burgosja e k\u00ebtij t\u00eb fundit sipas Berish\u00ebs, ishte p\u00ebr q\u00ebllimin q\u00eb t\u00eb mos kandidonte m\u00eb p\u00ebr deputet dhe p\u00ebr t\u00eb mos qen\u00eb k\u00ebshtu pjes\u00eb e Parlamentit. \u201cErvin &hellip;<\/p>\n","protected":false},"author":4,"featured_media":118475,"comment_status":"closed","ping_status":"closed","sticky":false,"template":"","format":"standard","meta":{"footnotes":""},"categories":[37],"tags":[],"class_list":["post-118473","post","type-post","status-publish","format-standard","has-post-thumbnail","","category-politike"],"_links":{"self":[{"href":"https:\/\/rdnews.al\/index.php\/wp-json\/wp\/v2\/posts\/118473","targetHints":{"allow":["GET"]}}],"collection":[{"href":"https:\/\/rdnews.al\/index.php\/wp-json\/wp\/v2\/posts"}],"about":[{"href":"https:\/\/rdnews.al\/index.php\/wp-json\/wp\/v2\/types\/post"}],"author":[{"embeddable":true,"href":"https:\/\/rdnews.al\/index.php\/wp-json\/wp\/v2\/users\/4"}],"replies":[{"embeddable":true,"href":"https:\/\/rdnews.al\/index.php\/wp-json\/wp\/v2\/comments?post=118473"}],"version-history":[{"count":1,"href":"https:\/\/rdnews.al\/index.php\/wp-json\/wp\/v2\/posts\/118473\/revisions"}],"predecessor-version":[{"id":118474,"href":"https:\/\/rdnews.al\/index.php\/wp-json\/wp\/v2\/posts\/118473\/revisions\/118474"}],"wp:featuredmedia":[{"embeddable":true,"href":"https:\/\/rdnews.al\/index.php\/wp-json\/wp\/v2\/media\/118475"}],"wp:attachment":[{"href":"https:\/\/rdnews.al\/index.php\/wp-json\/wp\/v2\/media?parent=118473"}],"wp:term":[{"taxonomy":"category","embeddable":true,"href":"https:\/\/rdnews.al\/index.php\/wp-json\/wp\/v2\/categories?post=118473"},{"taxonomy":"post_tag","embeddable":true,"href":"https:\/\/rdnews.al\/index.php\/wp-json\/wp\/v2\/tags?post=118473"}],"curies":[{"name":"wp","href":"https:\/\/api.w.org\/{rel}","templated":true}]}}