{"id":118482,"date":"2025-07-08T14:01:13","date_gmt":"2025-07-08T14:01:13","guid":{"rendered":"https:\/\/rdnews.al\/?p=118482"},"modified":"2025-07-08T14:01:19","modified_gmt":"2025-07-08T14:01:19","slug":"salianji-opozita-do-te-rezistoje-dhe-do-te-fitoje-perballe-ketij-regjimi-te-kriminalizuar","status":"publish","type":"post","link":"https:\/\/rdnews.al\/index.php\/2025\/07\/08\/salianji-opozita-do-te-rezistoje-dhe-do-te-fitoje-perballe-ketij-regjimi-te-kriminalizuar\/","title":{"rendered":"Salianji: Opozita do t\u00eb rezistoj\u00eb dhe do t\u00eb fitoj\u00eb p\u00ebrball\u00eb k\u00ebtij regjimi t\u00eb kriminalizuar"},"content":{"rendered":"<p><strong>Ervin Salianji, pas daljes nga qelia<\/strong><\/p>\n<p>Kam vuajtur 10 muaj burg p\u00ebr arsye t\u00eb pastra politike. Kam qen\u00eb n\u00eb qeli p\u00ebr arsye se denoncove nj\u00eb trafikant droge. Kam pasur fitore p\u00ebrball\u00eb Edi Ram\u00ebs n\u00eb \u00e7do zon\u00eb elektorale. Besoj se \u00ebsht\u00eb kjo ngjarje burim frym\u00ebzimi p\u00ebr \u00e7do demokrat, q\u00eb do rezistoj\u00eb dhe do t\u00eb fitoj\u00eb p\u00ebrball\u00eb k\u00ebtij regjimi t\u00eb kriminalizuar.<\/p>\n<p>Do t\u00eb b\u00ebj politik\u00eb ku t\u00eb mundem, edhe n\u00eb cepin m\u00eb t\u00eb humbur le t\u00eb jem. Dit\u00ebt e mia n\u00eb qeli tregojn\u00eb regjimin e kalbur. Regjimi kishte frik\u00eb nga un\u00eb dhe luft\u00ebtar\u00eb t\u00eb opozit\u00ebs, se mos humbiste zgjedhjet. \u00c7\u00ebshtjen do ta d\u00ebrgoj deri n\u00eb Strasburg, do k\u00ebrkoj t\u00eb drejt\u00ebn time. Burgu nuk i urohet as hasmit. E ndjej sot n\u00eb l\u00ebkur\u00eb padrejt\u00ebsin\u00eb q\u00eb ndjejn\u00eb qytetar\u00ebt nga ky regjim. Nuk kam b\u00ebr\u00eb burg p\u00ebr krim ordiner e as p\u00ebr vjedhje, por p\u00ebr arsye politike.<\/p>\n","protected":false},"excerpt":{"rendered":"<p>Ervin Salianji, pas daljes nga qelia Kam vuajtur 10 muaj burg p\u00ebr arsye t\u00eb pastra politike. Kam qen\u00eb n\u00eb qeli p\u00ebr arsye se denoncove nj\u00eb trafikant droge. Kam pasur fitore p\u00ebrball\u00eb Edi Ram\u00ebs n\u00eb \u00e7do zon\u00eb elektorale. Besoj se \u00ebsht\u00eb kjo ngjarje burim frym\u00ebzimi p\u00ebr \u00e7do demokrat, q\u00eb do rezistoj\u00eb dhe do t\u00eb fitoj\u00eb p\u00ebrball\u00eb &hellip;<\/p>\n","protected":false},"author":3,"featured_media":118475,"comment_status":"closed","ping_status":"closed","sticky":false,"template":"","format":"standard","meta":{"footnotes":""},"categories":[37],"tags":[],"class_list":["post-118482","post","type-post","status-publish","format-standard","has-post-thumbnail","","category-politike"],"_links":{"self":[{"href":"https:\/\/rdnews.al\/index.php\/wp-json\/wp\/v2\/posts\/118482","targetHints":{"allow":["GET"]}}],"collection":[{"href":"https:\/\/rdnews.al\/index.php\/wp-json\/wp\/v2\/posts"}],"about":[{"href":"https:\/\/rdnews.al\/index.php\/wp-json\/wp\/v2\/types\/post"}],"author":[{"embeddable":true,"href":"https:\/\/rdnews.al\/index.php\/wp-json\/wp\/v2\/users\/3"}],"replies":[{"embeddable":true,"href":"https:\/\/rdnews.al\/index.php\/wp-json\/wp\/v2\/comments?post=118482"}],"version-history":[{"count":2,"href":"https:\/\/rdnews.al\/index.php\/wp-json\/wp\/v2\/posts\/118482\/revisions"}],"predecessor-version":[{"id":118484,"href":"https:\/\/rdnews.al\/index.php\/wp-json\/wp\/v2\/posts\/118482\/revisions\/118484"}],"wp:featuredmedia":[{"embeddable":true,"href":"https:\/\/rdnews.al\/index.php\/wp-json\/wp\/v2\/media\/118475"}],"wp:attachment":[{"href":"https:\/\/rdnews.al\/index.php\/wp-json\/wp\/v2\/media?parent=118482"}],"wp:term":[{"taxonomy":"category","embeddable":true,"href":"https:\/\/rdnews.al\/index.php\/wp-json\/wp\/v2\/categories?post=118482"},{"taxonomy":"post_tag","embeddable":true,"href":"https:\/\/rdnews.al\/index.php\/wp-json\/wp\/v2\/tags?post=118482"}],"curies":[{"name":"wp","href":"https:\/\/api.w.org\/{rel}","templated":true}]}}