{"id":118485,"date":"2025-07-08T16:20:14","date_gmt":"2025-07-08T16:20:14","guid":{"rendered":"https:\/\/rdnews.al\/?p=118485"},"modified":"2025-07-08T16:26:18","modified_gmt":"2025-07-08T16:26:18","slug":"salianji-u-burgosa-se-denoncova-nje-prej-karteleve-me-te-medha-te-droges-te-lidhur-me-pushtetin-e-rames","status":"publish","type":"post","link":"https:\/\/rdnews.al\/index.php\/2025\/07\/08\/salianji-u-burgosa-se-denoncova-nje-prej-karteleve-me-te-medha-te-droges-te-lidhur-me-pushtetin-e-rames\/","title":{"rendered":"Salianji: U burgosa se denoncova nj\u00eb prej karteleve m\u00eb t\u00eb m\u00ebdha t\u00eb drog\u00ebs t\u00eb lidhur me pushtetin e Ram\u00ebs"},"content":{"rendered":"<p>Ish-deputeti i Partis\u00eb Demokratike, Ervin Salianji, pas daljes nga burgu, n\u00eb nj\u00eb deklarat\u00eb p\u00ebr mediat nga selia e PD theksoi se, burgosja e tij politike \u00ebsht\u00eb rezultat i denoncimit t\u00eb nj\u00eb trafikanti droge dhe nj\u00eb sulm ndaj tij p\u00ebr arsye politike.<\/p>\n<p>Salianji tha se burgosja e tij politike, u b\u00eb p\u00ebr shkak t\u00eb prekjes s\u00eb nj\u00eb prej karteleve m\u00eb t\u00eb rrezikshme t\u00eb drog\u00ebs t\u00eb lidhura me pushtetin, teksa iu referua denoncimit p\u00ebr v\u00ebllain e ish-ministrit t\u00eb Brendsh\u00ebm, Fatmir Xhafaj, Geron Xhafaj.<\/p>\n<p>Sipas Salianjit, burgosja politike e tij, ishte nj\u00eb mesazh p\u00ebr koleg\u00ebt deputet\u00ebt t\u00eb PD apo edhe vet\u00eb qytetar\u00ebt.<\/p>\n<p><strong>Pjes\u00eb nga deklarata<\/strong><\/p>\n<p>U riktheva p\u00ebrs\u00ebri n\u00eb t\u00eb nj\u00ebjt\u00ebn sall\u00eb n\u00eb t\u00eb cilin b\u00ebra denoncimin e famsh\u00ebm\u2026prej muajsh b\u00ebra burg p\u00ebr asnj\u00eb arsye. Nga kjo seli u nisa vet\u00eb p\u00ebr t\u00eb kryer d\u00ebnimin politik n\u00eb burgun e Fierit. Sot fatkeq\u00ebsisht jemi me t\u00eb nj\u00ebjtat s\u00ebmundje q\u00eb ka Shqip\u00ebria me nj\u00eb Shqip\u00ebri q\u00eb edhe me d\u00ebnimin tim nuk pati ndonj\u00eb benefit, por pati regres. Burgosja ime politike u b\u00eb p\u00ebr shkak t\u00eb prekjes t\u00eb nj\u00eb prej karteleve m\u00eb t\u00eb m\u00ebdha t\u00eb drog\u00ebs t\u00eb lidhura me pushtetin. Pushteti i Ram\u00ebs dhe pushteti q\u00eb buron tani m\u00eb nga k\u00ebto lidhje dhe d\u00ebnimi politik ishte p\u00ebr t\u00eb dh\u00ebn\u00eb mesazh ndaj koleg\u00ebve dhe qytetar\u00ebve q\u00eb kush do q\u00eb \u00ebhst\u00eb kund\u00ebr qeveris\u00eb do ta p\u00ebsoj\u00eb. Kam dal\u00eb nga burgu pasi kreva d\u00ebnimin politik. \u00cbsht\u00eb sakrific\u00eb e b\u00ebr\u00eb nga un\u00eb n\u00eb dobi t\u00eb interesit publik. \u00cbsht\u00eb i pari rast n\u00eb 34 vite q\u00eb nj\u00eb individ d\u00ebnohet p\u00ebr kall\u00ebzim t\u00eb rrem\u00eb, kur s\u2019ka pasur fare kall\u00ebzim, ve\u00e7 denoncimit publik.<\/p>\n<p>Vuajta 10 muaj burg p\u00ebr arsye politike. P\u00ebr arsye se denoncova nj\u00eb trafikant droge. \u00cbsht\u00eb edhe nj\u00eb vet\u00ebdemaskim p\u00ebr t\u00eb m\u00eb nxjerr\u00eb n\u00eb k\u00ebt\u00eb periudh\u00eb. Kam pasur fitore p\u00ebrball\u00eb Edi Ram\u00ebs n\u00eb \u00e7do zon\u00eb. Besoj se \u00ebsht\u00eb nj\u00eb burim frym\u00ebzim p\u00ebr mij\u00ebra demokrate q\u00eb do rezistojn\u00eb dhe do rr\u00ebzojn\u00eb nj\u00eb qeveri t\u00eb inkriminuar.<\/p>\n<p>Si\u00e7 e dini do shkoj t\u00eb fal\u00ebnderoj nj\u00eb zon\u00eb zgjedhore n\u00eb fshat t\u00eb Fierit p\u00ebr t\u00eb treguar se n\u00eb Shqip\u00ebri ka shembuj me besnik\u00ebri ja dalin t\u00eb fitojn\u00eb. Do filloj nga ky moment. Sot do b\u00ebj politik\u00eb n\u00eb \u00e7do cep q\u00eb m\u00eb jepet mund\u00ebsia. \u00cbsht\u00eb nj\u00eb betej\u00eb e fituar. P\u00ebr shkak t\u00eb frik\u00ebs t\u00eb regjimi se do humbte zgjedhjet b\u00ebri k\u00ebto q\u00eb b\u00ebri. Do komunikojm\u00eb n\u00eb seli.<\/p>\n<p>E dini q\u00eb burgu nuk i urohet as hasmit. Sot kam nj\u00eb background tjet\u00ebr e ndiej n\u00eb l\u00ebkur\u00eb padrejt\u00ebsin\u00eb q\u00eb ndjejn\u00eb qytetar\u00ebt. Nuk kam b\u00ebr\u00eb burg p\u00ebr vjedhje, as p\u00ebr krim. Ka qen\u00eb p\u00ebr arsye politike. Denoncova nj\u00eb t\u00eb d\u00ebnuar trafikant nd\u00ebrkomb\u00ebtar droge dhe vuajta burg. Pasojat, nj\u00eb i lir\u00eb prej 7 vitesh shkoi dhe u dor\u00ebzua. Nga ana regjimit kam qen\u00eb k\u00ebtu prej 10 muajsh&#8221;, ths Salianji.<\/p>\n<p>Trupa gjykuese vendosi dit\u00ebn e sotme q\u00eb Salianji t\u00eb lirohet, pasi raporti i sh\u00ebrbimit t\u00eb prov\u00ebs p\u00ebr Salianjin ka dal pozitiv. Pas publikimit t\u00eb raportit, prokurori i \u00e7\u00ebshtjes ka dh\u00ebn\u00eb dakord\u00ebsin\u00eb q\u00eb ish-deputeti t\u00eb dal\u00eb nga burgu.<\/p>\n","protected":false},"excerpt":{"rendered":"<p>Ish-deputeti i Partis\u00eb Demokratike, Ervin Salianji, pas daljes nga burgu, n\u00eb nj\u00eb deklarat\u00eb p\u00ebr mediat nga selia e PD theksoi se, burgosja e tij politike \u00ebsht\u00eb rezultat i denoncimit t\u00eb nj\u00eb trafikanti droge dhe nj\u00eb sulm ndaj tij p\u00ebr arsye politike. Salianji tha se burgosja e tij politike, u b\u00eb p\u00ebr shkak t\u00eb prekjes s\u00eb &hellip;<\/p>\n","protected":false},"author":4,"featured_media":118488,"comment_status":"closed","ping_status":"closed","sticky":false,"template":"","format":"standard","meta":{"footnotes":""},"categories":[37],"tags":[],"class_list":["post-118485","post","type-post","status-publish","format-standard","has-post-thumbnail","","category-politike"],"_links":{"self":[{"href":"https:\/\/rdnews.al\/index.php\/wp-json\/wp\/v2\/posts\/118485","targetHints":{"allow":["GET"]}}],"collection":[{"href":"https:\/\/rdnews.al\/index.php\/wp-json\/wp\/v2\/posts"}],"about":[{"href":"https:\/\/rdnews.al\/index.php\/wp-json\/wp\/v2\/types\/post"}],"author":[{"embeddable":true,"href":"https:\/\/rdnews.al\/index.php\/wp-json\/wp\/v2\/users\/4"}],"replies":[{"embeddable":true,"href":"https:\/\/rdnews.al\/index.php\/wp-json\/wp\/v2\/comments?post=118485"}],"version-history":[{"count":1,"href":"https:\/\/rdnews.al\/index.php\/wp-json\/wp\/v2\/posts\/118485\/revisions"}],"predecessor-version":[{"id":118487,"href":"https:\/\/rdnews.al\/index.php\/wp-json\/wp\/v2\/posts\/118485\/revisions\/118487"}],"wp:featuredmedia":[{"embeddable":true,"href":"https:\/\/rdnews.al\/index.php\/wp-json\/wp\/v2\/media\/118488"}],"wp:attachment":[{"href":"https:\/\/rdnews.al\/index.php\/wp-json\/wp\/v2\/media?parent=118485"}],"wp:term":[{"taxonomy":"category","embeddable":true,"href":"https:\/\/rdnews.al\/index.php\/wp-json\/wp\/v2\/categories?post=118485"},{"taxonomy":"post_tag","embeddable":true,"href":"https:\/\/rdnews.al\/index.php\/wp-json\/wp\/v2\/tags?post=118485"}],"curies":[{"name":"wp","href":"https:\/\/api.w.org\/{rel}","templated":true}]}}