{"id":118489,"date":"2025-07-08T16:28:44","date_gmt":"2025-07-08T16:28:44","guid":{"rendered":"https:\/\/rdnews.al\/?p=118489"},"modified":"2025-07-08T17:06:23","modified_gmt":"2025-07-08T17:06:23","slug":"salianji-do-te-bej-opozite-edhe-pa-mandat-deputeti","status":"publish","type":"post","link":"https:\/\/rdnews.al\/index.php\/2025\/07\/08\/salianji-do-te-bej-opozite-edhe-pa-mandat-deputeti\/","title":{"rendered":"Salianji: Do t\u00eb b\u00ebj opozit\u00eb edhe pa mandat deputeti!"},"content":{"rendered":"<p>Ervin Salinji foli sot p\u00ebr her\u00eb t\u00eb par\u00eb pas lirimit t\u00eb tij nga burgu. N\u00eb konferenc\u00ebn p\u00ebr mediat Salianji u pyet n\u00ebse do t\u00eb kandidoj\u00eb n\u00eb zgjedhjet e 2029. Demokrati theksoi se ai do t\u00eb b\u00ebj\u00eb politik\u00eb krah interesit t\u00eb qytetar\u00ebve me apo pa mandatin e deputetit.<\/p>\n<p>Gjithashtu Salianji foli p\u00ebr nj\u00eb problem q\u00eb ka n\u00eb \u00e7\u00ebshtjen e tij. Ai tha se ka nj\u00eb penges\u00eb q\u00eb sipas tij \u00ebsht\u00eb mos zbardhja e vendimit nga ana e gjykat\u00ebs s\u00eb lart\u00eb.<\/p>\n<p>Demokrati tha se Gjykata e larte ka b\u00ebr\u00eb falsifikim p\u00ebr t\u00eb p\u00ebrzgjedhur trup\u00ebn gjyq\u00ebsore q\u00eb shqyrtoi rekursin e tij.<\/p>\n<p>\u201cPa diskutim do kemi komunikime t\u00eb her\u00ebpashershme\u2026Ka nj\u00eb penges\u00eb q\u00eb \u00ebsht\u00eb mos zbardhja e vendimit nga ana e gjykat\u00ebs s\u00eb lart\u00eb. Gjykata e larte ka b\u00ebr\u00eb falsifikim p\u00ebr t\u00eb p\u00ebrzgjedhur trup\u00ebn gjyq\u00ebsore q\u00eb shqyrtoi rekursin tim\u2026 Besoj se k\u00ebto \u00e7\u00ebshtje do t\u00eb zgjidhen m\u00eb p\u00ebrpara se sa periudha p\u00ebr t\u00eb b\u00ebr\u00eb kandidimin, por un\u00eb nuk e b\u00ebj k\u00ebt\u00eb betej\u00eb vet\u00ebm p\u00ebr t\u00eb qen\u00eb deputete.<\/p>\n<p>\u00cbsht\u00eb sakrific\u00eb dhe pamund\u00ebsimi i nj\u00eb politikani p\u00ebr t\u00eb qen\u00eb n\u00eb parlament. Un\u00eb kam b\u00ebr\u00eb opozit\u00eb edhe pa patur mandatin e deputetit\u2026un\u00eb do t\u00eb kem mund\u00ebsin\u00eb t\u00eb b\u00ebj politik\u00eb n\u00ebp\u00ebrmjet kontaktit me qytetar\u00ebt dhe propozimeve q\u00eb do t\u00eb vijn\u00eb nga PD. K\u00ebshtu q\u00eb nuk e shoh si shqet\u00ebsim, me zor e pres nj\u00eb p\u00ebrballje n\u00eb Gjykat\u00ebn evropiane t\u00eb drejtave t\u00eb njeriut p\u00ebr t\u00eb p\u00ebrcaktuar n\u00ebse kam pasur un\u00eb t\u00eb drejt\u00eb ose qeveria\u201d, tha Salianji.<\/p>\n","protected":false},"excerpt":{"rendered":"<p>Ervin Salinji foli sot p\u00ebr her\u00eb t\u00eb par\u00eb pas lirimit t\u00eb tij nga burgu. N\u00eb konferenc\u00ebn p\u00ebr mediat Salianji u pyet n\u00ebse do t\u00eb kandidoj\u00eb n\u00eb zgjedhjet e 2029. Demokrati theksoi se ai do t\u00eb b\u00ebj\u00eb politik\u00eb krah interesit t\u00eb qytetar\u00ebve me apo pa mandatin e deputetit. Gjithashtu Salianji foli p\u00ebr nj\u00eb problem q\u00eb ka &hellip;<\/p>\n","protected":false},"author":4,"featured_media":118503,"comment_status":"closed","ping_status":"closed","sticky":false,"template":"","format":"standard","meta":{"footnotes":""},"categories":[37],"tags":[],"class_list":["post-118489","post","type-post","status-publish","format-standard","has-post-thumbnail","","category-politike"],"_links":{"self":[{"href":"https:\/\/rdnews.al\/index.php\/wp-json\/wp\/v2\/posts\/118489","targetHints":{"allow":["GET"]}}],"collection":[{"href":"https:\/\/rdnews.al\/index.php\/wp-json\/wp\/v2\/posts"}],"about":[{"href":"https:\/\/rdnews.al\/index.php\/wp-json\/wp\/v2\/types\/post"}],"author":[{"embeddable":true,"href":"https:\/\/rdnews.al\/index.php\/wp-json\/wp\/v2\/users\/4"}],"replies":[{"embeddable":true,"href":"https:\/\/rdnews.al\/index.php\/wp-json\/wp\/v2\/comments?post=118489"}],"version-history":[{"count":1,"href":"https:\/\/rdnews.al\/index.php\/wp-json\/wp\/v2\/posts\/118489\/revisions"}],"predecessor-version":[{"id":118490,"href":"https:\/\/rdnews.al\/index.php\/wp-json\/wp\/v2\/posts\/118489\/revisions\/118490"}],"wp:featuredmedia":[{"embeddable":true,"href":"https:\/\/rdnews.al\/index.php\/wp-json\/wp\/v2\/media\/118503"}],"wp:attachment":[{"href":"https:\/\/rdnews.al\/index.php\/wp-json\/wp\/v2\/media?parent=118489"}],"wp:term":[{"taxonomy":"category","embeddable":true,"href":"https:\/\/rdnews.al\/index.php\/wp-json\/wp\/v2\/categories?post=118489"},{"taxonomy":"post_tag","embeddable":true,"href":"https:\/\/rdnews.al\/index.php\/wp-json\/wp\/v2\/tags?post=118489"}],"curies":[{"name":"wp","href":"https:\/\/api.w.org\/{rel}","templated":true}]}}