{"id":118513,"date":"2025-07-08T19:57:42","date_gmt":"2025-07-08T19:57:42","guid":{"rendered":"https:\/\/rdnews.al\/?p=118513"},"modified":"2025-07-08T20:05:40","modified_gmt":"2025-07-08T20:05:40","slug":"berisha-ramaduro-nje-mashtrues-ordiner-zonja-e-ka-te-veten-token-ne-theth","status":"publish","type":"post","link":"https:\/\/rdnews.al\/index.php\/2025\/07\/08\/berisha-ramaduro-nje-mashtrues-ordiner-zonja-e-ka-te-veten-token-ne-theth\/","title":{"rendered":"Berisha: Ramaduro nj\u00eb mashtrues ordiner, zonja e ka t\u00eb vet\u00ebn tok\u00ebn n\u00eb Theth!"},"content":{"rendered":"<p>Kryetari i PD, Sali Berisha ka akuzuar kryeministrin Edi Rama p\u00ebr mashtrime lidhur me pron\u00ebsin\u00eb e nj\u00eb toke n\u00eb Theth, ku sipas videos s\u00eb publikuar zonja shprehet se nd\u00ebrtimet jan\u00eb n\u00eb tok\u00ebn e saj dhe se i gjith\u00eb nd\u00ebrtimi \u00ebsht\u00eb i b\u00ebr\u00eb me mund e vuajtje, duke e cil\u00ebsuar vendimin e Ram\u00ebs aspak t\u00eb drejt\u00eb.<\/p>\n<p>\u201c<em>Kam rritur 6 f\u00ebmij\u00ebt e mi dhe dy jetim\u00eb me buk\u00eb e krip\u00eb, nuk \u00ebsht\u00eb e drejt\u00eb p\u00ebr mundin ton\u00eb dhe t\u00eb f\u00ebmij\u00ebve. kemi 500 vite n\u00eb k\u00ebt\u00eb tok\u00eb&#8230;<\/em>\u201d, shprehet zonja, pronare e bujtinave t\u00eb shembura me urdh\u00ebr t\u00eb Edi Ram\u00ebs<\/p>\n<p>Ai e cil\u00ebson Ram\u00ebn si nj\u00eb &#8220;mashtrues ordiner&#8221;, duke theksuar se toka i p\u00ebrket nj\u00eb zonje dhe nuk \u00ebsht\u00eb e z\u00ebn\u00eb, si\u00e7 pretendon Rama.<\/p>\n<div class=\"readmore-text-here\">\n<p><iframe loading=\"lazy\" src=\"https:\/\/www.facebook.com\/plugins\/video.php?height=476&amp;href=https%3A%2F%2Fwww.facebook.com%2FSaliBerisha%2Fvideos%2F756079557080284%2F&amp;show_text=false&amp;width=267&amp;t=0\" width=\"267\" height=\"476\" frameborder=\"0\" scrolling=\"no\" allowfullscreen=\"allowfullscreen\" data-mce-fragment=\"1\"><\/iframe><\/p>\n<\/div>\n<div id=\"rekl-45\"><\/div>\n<div id=\"rekl-16\"><\/div>\n<div id=\"rekl-33\"><\/div>\n","protected":false},"excerpt":{"rendered":"<p>Kryetari i PD, Sali Berisha ka akuzuar kryeministrin Edi Rama p\u00ebr mashtrime lidhur me pron\u00ebsin\u00eb e nj\u00eb toke n\u00eb Theth, ku sipas videos s\u00eb publikuar zonja shprehet se nd\u00ebrtimet jan\u00eb n\u00eb tok\u00ebn e saj dhe se i gjith\u00eb nd\u00ebrtimi \u00ebsht\u00eb i b\u00ebr\u00eb me mund e vuajtje, duke e cil\u00ebsuar vendimin e Ram\u00ebs aspak t\u00eb drejt\u00eb. &hellip;<\/p>\n","protected":false},"author":4,"featured_media":118394,"comment_status":"closed","ping_status":"closed","sticky":false,"template":"","format":"standard","meta":{"footnotes":""},"categories":[37],"tags":[],"class_list":["post-118513","post","type-post","status-publish","format-standard","has-post-thumbnail","","category-politike"],"_links":{"self":[{"href":"https:\/\/rdnews.al\/index.php\/wp-json\/wp\/v2\/posts\/118513","targetHints":{"allow":["GET"]}}],"collection":[{"href":"https:\/\/rdnews.al\/index.php\/wp-json\/wp\/v2\/posts"}],"about":[{"href":"https:\/\/rdnews.al\/index.php\/wp-json\/wp\/v2\/types\/post"}],"author":[{"embeddable":true,"href":"https:\/\/rdnews.al\/index.php\/wp-json\/wp\/v2\/users\/4"}],"replies":[{"embeddable":true,"href":"https:\/\/rdnews.al\/index.php\/wp-json\/wp\/v2\/comments?post=118513"}],"version-history":[{"count":2,"href":"https:\/\/rdnews.al\/index.php\/wp-json\/wp\/v2\/posts\/118513\/revisions"}],"predecessor-version":[{"id":118515,"href":"https:\/\/rdnews.al\/index.php\/wp-json\/wp\/v2\/posts\/118513\/revisions\/118515"}],"wp:featuredmedia":[{"embeddable":true,"href":"https:\/\/rdnews.al\/index.php\/wp-json\/wp\/v2\/media\/118394"}],"wp:attachment":[{"href":"https:\/\/rdnews.al\/index.php\/wp-json\/wp\/v2\/media?parent=118513"}],"wp:term":[{"taxonomy":"category","embeddable":true,"href":"https:\/\/rdnews.al\/index.php\/wp-json\/wp\/v2\/categories?post=118513"},{"taxonomy":"post_tag","embeddable":true,"href":"https:\/\/rdnews.al\/index.php\/wp-json\/wp\/v2\/tags?post=118513"}],"curies":[{"name":"wp","href":"https:\/\/api.w.org\/{rel}","templated":true}]}}