{"id":118564,"date":"2025-07-09T11:56:04","date_gmt":"2025-07-09T11:56:04","guid":{"rendered":"https:\/\/rdnews.al\/?p=118564"},"modified":"2025-07-09T11:56:04","modified_gmt":"2025-07-09T11:56:04","slug":"berisha-cdo-proces-zgjedhor-me-edi-ramen-eshte-vetem-farse-elektorale","status":"publish","type":"post","link":"https:\/\/rdnews.al\/index.php\/2025\/07\/09\/berisha-cdo-proces-zgjedhor-me-edi-ramen-eshte-vetem-farse-elektorale\/","title":{"rendered":"Berisha: \u00c7do proces zgjedhor me Edi Ram\u00ebn \u00ebsht\u00eb vet\u00ebm fars\u00eb elektorale!"},"content":{"rendered":"<p>I pyetur nga gazetar\u00ebt gjat\u00eb konferenc\u00ebs s\u00eb dit\u00ebs s\u00eb sotme n\u00ebse PD do t\u00eb marr\u00eb pjes\u00eb n\u00eb zgjedhjet e pjesshme, kryedemokrati Sali Berisha tha se \u00e7do proces e n\u00eb krye Edi Ram\u00ebn \u00ebsht\u00eb vet\u00ebm nj\u00eb fars\u00eb elektorale.<\/p>\n<p>\u201c\u00c7do proces zgjedhor me Edi Ram\u00ebn \u00ebsht\u00eb vet\u00ebm fars\u00eb elektorale.<\/p>\n<p>A di marrim pjes\u00eb a jo, do vendoset m\u00eb von\u00eb.<\/p>\n<p>Por \u00e7do proces zgjedhor me Edi Ram\u00ebn \u00ebsht\u00eb vet\u00ebm fars\u00eb elektorale&#8230;<\/p>\n<p>&#8230;T\u00eb gjitha do i merrni vesh, sepse n\u00eb qoft\u00eb se do kishte em\u00ebr t\u00eb dyt\u00eb kjo parti, do quhet transparenca demokratike\u201d, tha Berisha.<\/p>\n","protected":false},"excerpt":{"rendered":"<p>I pyetur nga gazetar\u00ebt gjat\u00eb konferenc\u00ebs s\u00eb dit\u00ebs s\u00eb sotme n\u00ebse PD do t\u00eb marr\u00eb pjes\u00eb n\u00eb zgjedhjet e pjesshme, kryedemokrati Sali Berisha tha se \u00e7do proces e n\u00eb krye Edi Ram\u00ebn \u00ebsht\u00eb vet\u00ebm nj\u00eb fars\u00eb elektorale. \u201c\u00c7do proces zgjedhor me Edi Ram\u00ebn \u00ebsht\u00eb vet\u00ebm fars\u00eb elektorale. A di marrim pjes\u00eb a jo, do vendoset &hellip;<\/p>\n","protected":false},"author":4,"featured_media":118548,"comment_status":"closed","ping_status":"closed","sticky":false,"template":"","format":"standard","meta":{"footnotes":""},"categories":[37],"tags":[],"class_list":["post-118564","post","type-post","status-publish","format-standard","has-post-thumbnail","","category-politike"],"_links":{"self":[{"href":"https:\/\/rdnews.al\/index.php\/wp-json\/wp\/v2\/posts\/118564","targetHints":{"allow":["GET"]}}],"collection":[{"href":"https:\/\/rdnews.al\/index.php\/wp-json\/wp\/v2\/posts"}],"about":[{"href":"https:\/\/rdnews.al\/index.php\/wp-json\/wp\/v2\/types\/post"}],"author":[{"embeddable":true,"href":"https:\/\/rdnews.al\/index.php\/wp-json\/wp\/v2\/users\/4"}],"replies":[{"embeddable":true,"href":"https:\/\/rdnews.al\/index.php\/wp-json\/wp\/v2\/comments?post=118564"}],"version-history":[{"count":1,"href":"https:\/\/rdnews.al\/index.php\/wp-json\/wp\/v2\/posts\/118564\/revisions"}],"predecessor-version":[{"id":118565,"href":"https:\/\/rdnews.al\/index.php\/wp-json\/wp\/v2\/posts\/118564\/revisions\/118565"}],"wp:featuredmedia":[{"embeddable":true,"href":"https:\/\/rdnews.al\/index.php\/wp-json\/wp\/v2\/media\/118548"}],"wp:attachment":[{"href":"https:\/\/rdnews.al\/index.php\/wp-json\/wp\/v2\/media?parent=118564"}],"wp:term":[{"taxonomy":"category","embeddable":true,"href":"https:\/\/rdnews.al\/index.php\/wp-json\/wp\/v2\/categories?post=118564"},{"taxonomy":"post_tag","embeddable":true,"href":"https:\/\/rdnews.al\/index.php\/wp-json\/wp\/v2\/tags?post=118564"}],"curies":[{"name":"wp","href":"https:\/\/api.w.org\/{rel}","templated":true}]}}