{"id":118568,"date":"2025-07-09T12:05:23","date_gmt":"2025-07-09T12:05:23","guid":{"rendered":"https:\/\/rdnews.al\/?p=118568"},"modified":"2025-07-09T12:05:23","modified_gmt":"2025-07-09T12:05:23","slug":"berisha-ceshtja-salianji-smbyllet-sapo-ka-filluar-nje-gjykates-pa-moral-ia-shtyu-lirimin-duke-i-kerkuar-te-deklaroje-se-sdo-vrase-fatmir-xhafen","status":"publish","type":"post","link":"https:\/\/rdnews.al\/index.php\/2025\/07\/09\/berisha-ceshtja-salianji-smbyllet-sapo-ka-filluar-nje-gjykates-pa-moral-ia-shtyu-lirimin-duke-i-kerkuar-te-deklaroje-se-sdo-vrase-fatmir-xhafen\/","title":{"rendered":"Berisha: \u00c7\u00ebshtja Salianji s\u2019mbyllet, sapo ka filluar! Nj\u00eb gjykat\u00ebs pa moral ia shtyu lirimin duke i k\u00ebrkuar t\u00eb deklaroj\u00eb se s\u2019do vras\u00eb Fatmir Xhaf\u00ebn"},"content":{"rendered":"<p>Kryetari i PD, Sali Berisha tha se, d\u00ebnimi dhe burgosja e ish deputetit demokrat, Ervin Salianji nuk \u00ebsht\u00eb nj\u00eb \u00e7\u00ebhstje e mbyllur, teksa paralajm\u00ebroi se ajo vet\u00ebm sapo ka filluar.<\/p>\n<p>Interesimit t\u00eb gazetar\u00ebve p\u00ebr k\u00ebt\u00eb \u00e7\u00ebshtje, Berisha u p\u00ebrgjigj duke th\u00ebn\u00eb se ishte nj\u00eb gjykat\u00ebs pa moral, q\u00eb ia shtyu lirimin duke i k\u00ebrkuar t\u00eb deklaroj\u00eb se nuk do t\u00eb vras\u00eb ish ministrin e Brendsh\u00ebm, Fatmir Xhafa apo t\u00eb v\u00ebllan\u00eb, Geronin.<\/p>\n<p>\u201cMe Ervin Salianjin kam komunikim t\u00eb vazhduesh\u00ebm me t\u00eb dhe tani do vij\u00eb dhe ta takoj.<\/p>\n<p>Dhe kam komunikim t\u00eb shpesht\u00eb me t\u00eb dhe t\u00eb vazhduesh\u00ebm.<\/p>\n<p>Ervin Salianji \u00ebht\u00eb n\u00ebnkryetar i grupit parlamentar t\u00eb PD. \u00cbsht\u00eb an\u00ebtar i kryesis\u00eb s\u00eb PD dhe n\u00eb k\u00ebto kushte ai ka k\u00ebto dy funksione shum\u00eb t\u00eb r\u00ebnd\u00ebsishme.<\/p>\n<p>Cilat do jen\u00eb funksionet e ardhshme t\u00eb Ervin Salianjit dhe secilit tjet\u00ebr drejtues, do i p\u00ebrcaktoj\u00eb an\u00ebtar\u00ebsia e PD.<\/p>\n<p>Por edhe nj\u00ebher\u00eb, meq\u00eb jam k\u00ebtu, Ervin Salianji doli dje nj\u00eb i burgosur politik, nj\u00eb histori turpi e dyshes mafioz\u00eb Ramaduros dhe Fatmir Geron Xhaf\u00ebs.<\/p>\n<p>Ervin Salianji u d\u00ebnua nj\u00eb vit burg n\u00eb kund\u00ebrshtim me Kushtetut\u00ebn, n\u00eb kund\u00ebrshtim me \u00e7do praktik\u00eb ligjore t\u00eb ndjekur n\u00eb 32 vite.<\/p>\n<p>Deputet\u00ebt m\u00eb par\u00eb gjykoheshin nga Gjykata e Lart\u00eb. Pas ndryshimeve, gjykohen nga SPAK-u.<\/p>\n<p>Por pasiguria e Fatmir Xhaf\u00ebs, i cili \u00ebsht\u00eb nj\u00eb mafioz dhe ndjehet shum\u00eb i k\u00ebrc\u00ebnuar nga Salianji<\/p>\n<p>Se Faqezi Xhafa nuk ka hallin e Geronit, po ka hallin e pasurive t\u00eb tij t\u00eb krimit se \u00ebsht\u00eb subjekt i ligjit antimafia me gjith\u00eb familjen e tij. Dhe k\u00ebtu e kishte hallin q\u00eb e b\u00ebri at\u00eb akt me Edi Ram\u00ebn dhe Edi Rama u angazhua me gjith\u00eb fuqin\u00eb e tij sepse dihej q\u00eb Geron Xhafaj ishte nj\u00eb me Olsi Ram\u00ebn n\u00eb loj\u00ebrat e fatit dhe aktivitete t\u00eb tjera.<\/p>\n<p>Pra, mos t\u00eb mendoj\u00eb kush se \u00e7\u00ebshtja Salianji mbyllet.<\/p>\n<p>\u00c7\u00ebshtja Salianji vet\u00ebm sa ka filluar.<\/p>\n<p>Ervin Salianji e p\u00ebrballoi me dinjitet t\u00eb madh, i pap\u00ebrkulur.<\/p>\n<p>Nj\u00eb gjykat\u00ebs q\u00eb nuk ka ligj as moral, ia shtyu vendimin nga data 20 e sa maj, q\u00eb e p\u00ebrfundoi, ia shtyu dhe nj\u00eb muaj.<\/p>\n<p>Dhe e dini \u00e7far\u00eb i k\u00ebrkonin?<\/p>\n<p>I k\u00ebrkonin t\u00eb deklaroj\u00eb se nuk do vras\u00eb Fatmir Xhaf\u00ebn ose Geron Xhaf\u00ebn.<\/p>\n<p>N\u00eb nj\u00eb koh\u00eb kur ky ishte i burgosur politik.<\/p>\n<p>A e kuptoni se \u00e7\u2019rac\u00eb bandit\u00ebsh jan\u00eb k\u00ebta?<\/p>\n<p>E merrni vesh se \u00e7\u2019rac\u00eb jan\u00eb k\u00ebta?<\/p>\n<p>Por ajo \u00e7\u00ebshtje \u00ebsht\u00eb vet\u00ebm n\u00eb fillim, do shkoj\u00eb n\u00eb Strasburg, do shkoj\u00eb kudo dhe asgj\u00eb nuk i shp\u00ebton nga akti kushtetues, krimi i sh\u00ebmtuar q\u00eb b\u00ebn\u00eb ndaj tij.<\/p>\n<p>Nuk e liroi sepse nuk donte t\u00eb hynte n\u00eb parlament.<\/p>\n<p>Atij i takonte t\u00eb zinte vendin, ishte n\u00ebnkryetar i grupit parlamentar. Por kjo betej\u00eb \u00ebsht\u00eb\u201d, tha Berisha.<\/p>\n","protected":false},"excerpt":{"rendered":"<p>Kryetari i PD, Sali Berisha tha se, d\u00ebnimi dhe burgosja e ish deputetit demokrat, Ervin Salianji nuk \u00ebsht\u00eb nj\u00eb \u00e7\u00ebhstje e mbyllur, teksa paralajm\u00ebroi se ajo vet\u00ebm sapo ka filluar. Interesimit t\u00eb gazetar\u00ebve p\u00ebr k\u00ebt\u00eb \u00e7\u00ebshtje, Berisha u p\u00ebrgjigj duke th\u00ebn\u00eb se ishte nj\u00eb gjykat\u00ebs pa moral, q\u00eb ia shtyu lirimin duke i k\u00ebrkuar t\u00eb &hellip;<\/p>\n","protected":false},"author":4,"featured_media":118475,"comment_status":"closed","ping_status":"closed","sticky":false,"template":"","format":"standard","meta":{"footnotes":""},"categories":[37],"tags":[],"class_list":["post-118568","post","type-post","status-publish","format-standard","has-post-thumbnail","","category-politike"],"_links":{"self":[{"href":"https:\/\/rdnews.al\/index.php\/wp-json\/wp\/v2\/posts\/118568","targetHints":{"allow":["GET"]}}],"collection":[{"href":"https:\/\/rdnews.al\/index.php\/wp-json\/wp\/v2\/posts"}],"about":[{"href":"https:\/\/rdnews.al\/index.php\/wp-json\/wp\/v2\/types\/post"}],"author":[{"embeddable":true,"href":"https:\/\/rdnews.al\/index.php\/wp-json\/wp\/v2\/users\/4"}],"replies":[{"embeddable":true,"href":"https:\/\/rdnews.al\/index.php\/wp-json\/wp\/v2\/comments?post=118568"}],"version-history":[{"count":1,"href":"https:\/\/rdnews.al\/index.php\/wp-json\/wp\/v2\/posts\/118568\/revisions"}],"predecessor-version":[{"id":118569,"href":"https:\/\/rdnews.al\/index.php\/wp-json\/wp\/v2\/posts\/118568\/revisions\/118569"}],"wp:featuredmedia":[{"embeddable":true,"href":"https:\/\/rdnews.al\/index.php\/wp-json\/wp\/v2\/media\/118475"}],"wp:attachment":[{"href":"https:\/\/rdnews.al\/index.php\/wp-json\/wp\/v2\/media?parent=118568"}],"wp:term":[{"taxonomy":"category","embeddable":true,"href":"https:\/\/rdnews.al\/index.php\/wp-json\/wp\/v2\/categories?post=118568"},{"taxonomy":"post_tag","embeddable":true,"href":"https:\/\/rdnews.al\/index.php\/wp-json\/wp\/v2\/tags?post=118568"}],"curies":[{"name":"wp","href":"https:\/\/api.w.org\/{rel}","templated":true}]}}