{"id":118570,"date":"2025-07-09T16:58:22","date_gmt":"2025-07-09T16:58:22","guid":{"rendered":"https:\/\/rdnews.al\/?p=118570"},"modified":"2025-07-09T16:58:22","modified_gmt":"2025-07-09T16:58:22","slug":"parlamentit-europian-rezolute-kunder-aeroportit-te-vlores-dhe-hec-it-ne-skavice","status":"publish","type":"post","link":"https:\/\/rdnews.al\/index.php\/2025\/07\/09\/parlamentit-europian-rezolute-kunder-aeroportit-te-vlores-dhe-hec-it-ne-skavice\/","title":{"rendered":"Parlamentit Europian rezolut\u00eb kund\u00ebr Aeroportit t\u00eb Vlor\u00ebs dhe HEC-it n\u00eb Skavic\u00eb"},"content":{"rendered":"<p>Rezoluta m\u00eb e fundit e Parlamentit Europian lidhur me procesin e zgjerimit, specifikisht mbi progresin e vendeve t\u00eb Ballkanit Per\u00ebndimor, d\u00ebrgoi nj\u00eb sinjal t\u00eb qart\u00eb lidhur me masat p\u00ebr mbrojtjen e mjedisit dhe biodiversitetit n\u00eb Shqip\u00ebri, t\u00eb cilat sipas BE-s\u00eb jan\u00eb t\u00eb panegociueshme kur b\u00ebhet fjal\u00eb p\u00ebr procesin e integrimit.<\/p>\n<p>Sipas eurodeputet\u00ebve, Shqip\u00ebria duhet t\u00eb nd\u00ebrmarr\u00eb hapa konkret\u00eb p\u00ebr t\u00eb mbrojtur trash\u00ebgimin\u00eb natyrore, duke p\u00ebrfshir\u00eb edhe qytetar\u00ebt n\u00eb vendimarrjen mjedisore, sipas detyrimit p\u00ebr t\u2019ju p\u00ebrmbajtur konventave nd\u00ebrkomb\u00ebtare t\u00eb Aarhus dhe Espoo.<\/p>\n<p>\u201c<em style=\"font-weight: inherit;\">Teksa negociatat intensifikohen, progresi n\u00eb mbrojtjen e mjedisit duhet t\u00eb vendoset n\u00eb qend\u00ebr t\u00eb reformave t\u00eb k\u00ebtyre vendeve<\/em>,\u201d u shpreh Viktor Berishaj, oficer i politikave n\u00eb organizat\u00ebn mjedisore gjermane EuroNatur.<\/p>\n<p>N\u00eb vitet e fundit, organizatat mjedisore kan\u00eb kritikuar ashp\u00ebr ndryshimet ligjore q\u00eb prekin zonat e mbrojtura n\u00eb Shqip\u00ebri, si edhe projektet kontroverse si Aeroporti i Vlor\u00ebs n\u00eb peizazhin e mbrojtur Vjos\u00eb-Nart\u00eb apo planet e hidrocentraleve n\u00eb Vjos\u00eb dhe Skavic\u00eb.<\/p>\n<p><span style=\"font-style: inherit; font-weight: inherit;\">Edhe pse p\u00ebrsh\u00ebndeti vendimin e shpalljes s\u00eb Vjos\u00ebs Park Komb\u00ebtar, Parlamenti Europian i b\u00ebri thirrje Shqip\u00ebris\u00eb t\u00eb t\u00ebrheq\u00eb ligjet dhe projektet kontroverse q\u00eb rrezikojn\u00eb mjedisin.<\/span><\/p>\n<p>Rezoluta e Parlamentit Europian shpreh shqet\u00ebsime lidhur me ndryshimet e fundit ligjore p\u00ebrsa i p\u00ebrket Ligjit p\u00ebr Zonat e Mbrojtura n\u00eb Shqip\u00ebri, q\u00eb sipas tyre i hap rrug\u00ebn infrastrukturave t\u00eb m\u00ebdha turistike n\u00eb zona t\u00eb ndjeshme ekologjike.<\/p>\n<p>\u201cDeputet e PE b\u00ebn\u00eb thirrje q\u00eb k\u00ebto ndryshime ligjore t\u00eb t\u00ebrhiqen menj\u00ebher\u00eb n\u00eb m\u00ebnyr\u00eb q\u00eb t\u00eb sigurohet nj\u00eb p\u00ebrputhje me standardet mjesdisore t\u00eb BE-s\u00eb\u201d, shkruhet n\u00eb nj\u00eb p\u00ebrmbledhje t\u00eb rezolut\u00ebs t\u00eb publikuar nga organizata EuroNatur.<\/p>\n<p>\u201c<em style=\"font-weight: inherit;\">U b\u00ebhet gjithashtu thirrje autoriteteve shqiptare t\u00eb menaxhojn\u00eb habitetet p\u00ebr speciet e rrezikuara, n\u00eb vecanti Rreqebullin e Ballkanit, dhe t\u00eb heqin dor\u00eb nga planet p\u00ebr hidrocentralin e Skavic\u00ebs mbi lumin Drin, q\u00eb do kishte pasoja t\u00eb m\u00ebdha ekologjike dhe sociale sipas tyre<\/em>\u201d, citohet m\u00eb tej n\u00eb p\u00ebrmbledhjen e rezolut\u00ebs lidhur me mjedisin.<\/p>\n<p>Dokumenti v\u00eb n\u00eb pah gjithashtu shqet\u00ebsimin lidhur me nd\u00ebrtimin e Aeroportit te Vlor\u00ebs n\u00eb peisazhin e mbrojtur Vjos\u00eb-Nart\u00eb.<\/p>\n<p>Gabriel Schwaderer, drejtues ekzekutiv i organizat\u00ebs mjedisore EuroNatur u shpreh se \u00ebsht\u00eb pik\u00ebrisht koha q\u00eb qeveria shqiptare t\u00eb tregoj\u00eb sa seriozisht e ka marr\u00eb an\u00ebtar\u00ebsimin n\u00eb Bashkimin Europian, duke marr\u00eb parasysh k\u00ebrkesat p\u00ebr mbrojtjen e mjedisit.<\/p>\n<p>\u201c<em style=\"font-weight: inherit;\">Ne mb\u00ebshtesim fuqimisht mesazhin e Parlamentit Europian p\u00ebr Shqip\u00ebrin\u00eb. Qeveria duhet t\u00eb tregoj\u00eb seriozitetin lidhur me an\u00ebtar\u00ebsimin n\u00eb BE, duke ndaluar projektet q\u00eb shkelin ligjet e mbrojtjes dhe q\u00eb dob\u00ebsojn\u00eb ruajtjen e zonave t\u00eb mbrojtura<\/em>\u201d, tha Schwaderer.<\/p>\n<p>\u201cProgresi n\u00eb negociata \u00ebsht\u00eb i mundur vet\u00ebm n\u00ebp\u00ebrmjet progresit konkret n\u00eb mbrojtjen e natyr\u00ebs\u201d, vijoi ai.<\/p>\n<p>Rezoluta thekson se mbi t\u00eb gjitha k\u00ebto masa kan\u00eb si q\u00ebllim mbrojtjen e trash\u00ebgimis\u00eb natyrore t\u00eb vendit, dhe jo sakrifikimin e saj p\u00ebr zhvillime t\u00eb p\u00ebrkohshme. \/<strong> Nensi Bogdani<\/strong> \/<a href=\"https:\/\/www.reporter.al\/2025\/07\/09\/pe-i-kerkon-shqiperise-qe-te-ndale-projektet-kontroverse-ne-dem-te-mjedisit\/\" target=\"_blank\" rel=\"noopener\">Reporter.al<\/a><\/p>\n","protected":false},"excerpt":{"rendered":"<p>Rezoluta m\u00eb e fundit e Parlamentit Europian lidhur me procesin e zgjerimit, specifikisht mbi progresin e vendeve t\u00eb Ballkanit Per\u00ebndimor, d\u00ebrgoi nj\u00eb sinjal t\u00eb qart\u00eb lidhur me masat p\u00ebr mbrojtjen e mjedisit dhe biodiversitetit n\u00eb Shqip\u00ebri, t\u00eb cilat sipas BE-s\u00eb jan\u00eb t\u00eb panegociueshme kur b\u00ebhet fjal\u00eb p\u00ebr procesin e integrimit. Sipas eurodeputet\u00ebve, Shqip\u00ebria duhet t\u00eb &hellip;<\/p>\n","protected":false},"author":4,"featured_media":118535,"comment_status":"closed","ping_status":"closed","sticky":false,"template":"","format":"standard","meta":{"footnotes":""},"categories":[37],"tags":[],"class_list":["post-118570","post","type-post","status-publish","format-standard","has-post-thumbnail","","category-politike"],"_links":{"self":[{"href":"https:\/\/rdnews.al\/index.php\/wp-json\/wp\/v2\/posts\/118570","targetHints":{"allow":["GET"]}}],"collection":[{"href":"https:\/\/rdnews.al\/index.php\/wp-json\/wp\/v2\/posts"}],"about":[{"href":"https:\/\/rdnews.al\/index.php\/wp-json\/wp\/v2\/types\/post"}],"author":[{"embeddable":true,"href":"https:\/\/rdnews.al\/index.php\/wp-json\/wp\/v2\/users\/4"}],"replies":[{"embeddable":true,"href":"https:\/\/rdnews.al\/index.php\/wp-json\/wp\/v2\/comments?post=118570"}],"version-history":[{"count":1,"href":"https:\/\/rdnews.al\/index.php\/wp-json\/wp\/v2\/posts\/118570\/revisions"}],"predecessor-version":[{"id":118571,"href":"https:\/\/rdnews.al\/index.php\/wp-json\/wp\/v2\/posts\/118570\/revisions\/118571"}],"wp:featuredmedia":[{"embeddable":true,"href":"https:\/\/rdnews.al\/index.php\/wp-json\/wp\/v2\/media\/118535"}],"wp:attachment":[{"href":"https:\/\/rdnews.al\/index.php\/wp-json\/wp\/v2\/media?parent=118570"}],"wp:term":[{"taxonomy":"category","embeddable":true,"href":"https:\/\/rdnews.al\/index.php\/wp-json\/wp\/v2\/categories?post=118570"},{"taxonomy":"post_tag","embeddable":true,"href":"https:\/\/rdnews.al\/index.php\/wp-json\/wp\/v2\/tags?post=118570"}],"curies":[{"name":"wp","href":"https:\/\/api.w.org\/{rel}","templated":true}]}}