{"id":118572,"date":"2025-07-09T17:07:01","date_gmt":"2025-07-09T17:07:01","guid":{"rendered":"https:\/\/rdnews.al\/?p=118572"},"modified":"2025-07-09T17:07:01","modified_gmt":"2025-07-09T17:07:01","slug":"boci-aksioni-ne-theth-per-te-larguar-vemendjen-nga-masakra-zgjedhore-e-11-majit","status":"publish","type":"post","link":"https:\/\/rdnews.al\/index.php\/2025\/07\/09\/boci-aksioni-ne-theth-per-te-larguar-vemendjen-nga-masakra-zgjedhore-e-11-majit\/","title":{"rendered":"Bo\u00e7i: Aksioni n\u00eb Theth, p\u00ebr t\u00eb larguar v\u00ebmendjen nga masakra zgjedhore e 11 majit"},"content":{"rendered":"<p>Drejtuesi politik i PD n\u00eb Qarkun e Shkodr\u00ebs, Lu\u00e7iano Bo\u00e7i, e konsiderion aksionin e nd\u00ebrmarr\u00eb nga Policia e Shtetit n\u00ebn urdhrin politik t\u00eb Ram\u00ebs, at\u00eb se \u00e7far\u00eb po ndodh n\u00eb zon\u00ebn turistike t\u00eb Thethit me prishjen e sht\u00ebpizave prej druri.<\/p>\n<p>N \u00ebnj\u00eb intervist\u00eb p\u00ebr Syri Tv, n\u00eb edicionin e mesdit\u00ebs, Bo\u00e7i tha se nj\u00eb aksion i till\u00eb \u00ebsht\u00eb pjes\u00eb e strategjis\u00eb s\u00eb komunikimit t\u00eb Ram\u00ebs, q\u00eb sajon ngjarje p\u00ebr t\u00eb t\u00ebrheuqr v\u00ebmendjen nga problemet e m\u00ebdha q\u00eb shqet\u00ebsojn\u00eb shoq\u00ebrin\u00eb dhe vendin.<\/p>\n<p>Nj\u00eb situat\u00eb e till\u00eb, sipas Bo\u00e7it vjen n\u00eb nj\u00eb koh\u00eb kur tanim\u00eb PS dhe mazhoranca udh\u00ebheq\u00ebse kan\u00eb b\u00ebr\u00eb k\u00ebrdin\u00eb me zgjedhjet e 11 majit, duke iu kund\u00ebrv\u00ebn\u00eb tanim\u00eb djers\u00ebs dhe mundit t\u00eb qytetar\u00ebve q\u00eb kan\u00eb investuar n\u00eb pronat e tyre.<\/p>\n<p>\u201c\u00cbsht\u00eb\u00a0absurd q\u00eb k\u00ebto b\u00ebhen n\u00eb pikun e sezonit turistik, n\u00eb nj\u00eb zon\u00eb atraktive si Thethi. \u00cbsht\u00eb pjes\u00eb e strategjis\u00eb s\u00eb komunikimit t\u00eb Ram\u00ebs q\u00eb sajon ngjarje p\u00ebr t\u00eb t\u00ebrhequr v\u00ebmendjen e opinionit p\u00ebr t\u00eb larguar v\u00ebmendjen nga problemet q\u00eb ka Shqip\u00ebria dhe shtresat e shoq\u00ebris\u00eb, n\u00eb raport me politik\u00ebn e masakr\u00ebn zgjedhore.<\/p>\n<p>S\u2019ka r\u00ebnd\u00ebsi kur b\u00ebhet nj\u00eb veprim absurd, antikushtetues e ligjor, s\u2019ka r\u00ebnd\u00ebsi d\u00ebmi, se k\u00eb godet. \u00cbsht\u00eb zgjedhur sheshi, sepse n\u00eb k\u00ebndv\u00ebshtrimin e Ram\u00ebs, s\u2019ka r\u00ebnd\u00ebsi asgj\u00eb. \u00cbsht\u00eb nj\u00eb mekaniz\u00ebm q\u00eb ka vepruar edhe m\u00eb par\u00eb.<\/p>\n<p>K\u00ebrba\u00e7i post-zgjedhor q\u00eb lidhet me kula\u00e7in parazgjedhor. \u00cbsht\u00eb nj\u00eb formul\u00eb q\u00eb PS e ka p\u00ebrdorur n\u00eb t\u00eb gjitha zonat, me premtime para zgjedhjeve, ka b\u00ebr\u00eb nj\u00eb sy qorr p\u00ebr t\u00eb investuar, nd\u00ebrsa pas zgjedhjeve nis k\u00ebrba\u00e7in, burgosja p\u00ebr nj\u00eb shkall\u00eb, \u00e7ati, gardh apo kotec. Jan\u00eb modalitete t\u00eb instaluara tashm\u00eb. \u00cbsht\u00eb b\u00ebr\u00eb e mod\u00ebs.<\/p>\n<p>N\u00eb Theth \u00ebsht\u00eb akoma m\u00eb e ethshme situata. Krahas premtimeve p\u00ebr legalizim, turizmin familjar, sot kemi nj\u00eb veprim t\u00eb kund\u00ebrt t\u00eb pushtetit lokal e qendror. E tani s\u2019kan\u00eb m\u00eb fytyur\u00eb p\u00ebr t\u00eb dal\u00eb para publikut por ecin me urdhra. \u00cbsht\u00eb ligji ai q\u00eb parakalon \u00e7do urdh\u00ebr por n\u00eb Shqip\u00ebrin\u00eb e Ram\u00ebs, ligji s\u2019ka vler\u00eb por \u00ebsht\u00eb urdhri politik e revanshi politik q\u00eb Rama e shfaq hapur.<\/p>\n<p>Jan\u00eb banor\u00eb q\u00eb kan\u00eb derdhur kursimin, gjakun e mundin e tyre me q\u00ebllim q\u00eb t\u00eb nd\u00ebrtojn\u00eb nj\u00eb ekonomi perspektive q\u00eb ofron ajo zon\u00eb, mundohen ta b\u00ebjn\u00eb jet\u00ebn m\u00eb t\u00eb leht\u00eb p\u00ebr t\u00eb dhuruar nj\u00eb mikpritje spektakolare p\u00ebr turist\u00ebt q\u00eb s\u00eb bashku p\u00ebrjetojn\u00eb nj\u00eb situat\u00eb dramatike\u201d, tha Bo\u00e7i.<\/p>\n","protected":false},"excerpt":{"rendered":"<p>Drejtuesi politik i PD n\u00eb Qarkun e Shkodr\u00ebs, Lu\u00e7iano Bo\u00e7i, e konsiderion aksionin e nd\u00ebrmarr\u00eb nga Policia e Shtetit n\u00ebn urdhrin politik t\u00eb Ram\u00ebs, at\u00eb se \u00e7far\u00eb po ndodh n\u00eb zon\u00ebn turistike t\u00eb Thethit me prishjen e sht\u00ebpizave prej druri. N \u00ebnj\u00eb intervist\u00eb p\u00ebr Syri Tv, n\u00eb edicionin e mesdit\u00ebs, Bo\u00e7i tha se nj\u00eb aksion &hellip;<\/p>\n","protected":false},"author":4,"featured_media":118394,"comment_status":"closed","ping_status":"closed","sticky":false,"template":"","format":"standard","meta":{"footnotes":""},"categories":[37],"tags":[],"class_list":["post-118572","post","type-post","status-publish","format-standard","has-post-thumbnail","","category-politike"],"_links":{"self":[{"href":"https:\/\/rdnews.al\/index.php\/wp-json\/wp\/v2\/posts\/118572","targetHints":{"allow":["GET"]}}],"collection":[{"href":"https:\/\/rdnews.al\/index.php\/wp-json\/wp\/v2\/posts"}],"about":[{"href":"https:\/\/rdnews.al\/index.php\/wp-json\/wp\/v2\/types\/post"}],"author":[{"embeddable":true,"href":"https:\/\/rdnews.al\/index.php\/wp-json\/wp\/v2\/users\/4"}],"replies":[{"embeddable":true,"href":"https:\/\/rdnews.al\/index.php\/wp-json\/wp\/v2\/comments?post=118572"}],"version-history":[{"count":1,"href":"https:\/\/rdnews.al\/index.php\/wp-json\/wp\/v2\/posts\/118572\/revisions"}],"predecessor-version":[{"id":118573,"href":"https:\/\/rdnews.al\/index.php\/wp-json\/wp\/v2\/posts\/118572\/revisions\/118573"}],"wp:featuredmedia":[{"embeddable":true,"href":"https:\/\/rdnews.al\/index.php\/wp-json\/wp\/v2\/media\/118394"}],"wp:attachment":[{"href":"https:\/\/rdnews.al\/index.php\/wp-json\/wp\/v2\/media?parent=118572"}],"wp:term":[{"taxonomy":"category","embeddable":true,"href":"https:\/\/rdnews.al\/index.php\/wp-json\/wp\/v2\/categories?post=118572"},{"taxonomy":"post_tag","embeddable":true,"href":"https:\/\/rdnews.al\/index.php\/wp-json\/wp\/v2\/tags?post=118572"}],"curies":[{"name":"wp","href":"https:\/\/api.w.org\/{rel}","templated":true}]}}