{"id":118574,"date":"2025-07-09T18:05:03","date_gmt":"2025-07-09T18:05:03","guid":{"rendered":"https:\/\/rdnews.al\/?p=118574"},"modified":"2025-07-09T18:06:27","modified_gmt":"2025-07-09T18:06:27","slug":"bardhi-rama-i-forte-me-te-dobetit-dhe-i-dobet-me-te-fortet","status":"publish","type":"post","link":"https:\/\/rdnews.al\/index.php\/2025\/07\/09\/bardhi-rama-i-forte-me-te-dobetit-dhe-i-dobet-me-te-fortet\/","title":{"rendered":"Bardhi: Rama i fort\u00eb me t\u00eb dob\u00ebtit dhe i dob\u00ebt me t\u00eb fort\u00ebt!"},"content":{"rendered":"<p>Kreu i Grupit Parlamentar t\u00eb Partis\u00eb Demokratike, Gazment Bardhi, ka reaguar p\u00ebr prishjen e sht\u00ebpizave\u00a0 n\u00eb Theth, duke e u shprehur se\u00a0\u201cfytyra e v\u00ebrtet\u00eb e Edi Ram\u00ebs \u00ebsht\u00eb: i fort\u00eb me t\u00eb dob\u00ebtit dhe i dob\u00ebt me t\u00eb fort\u00ebt\u201d.<\/p>\n<p>Ai solli n\u00eb v\u00ebmendje historin\u00eb e Bekimit, nj\u00eb qytetar me aft\u00ebsi ndryshe q\u00eb mbijetoi nj\u00eb zjarr tragjik dhe investoi me mund e kredi p\u00ebr t\u00eb nd\u00ebrtuar sht\u00ebpiza pritjeje n\u00eb tok\u00ebn e t\u00eb par\u00ebve. Bardhi theksoi se Rama personalisht kishte premtuar zgjidhje p\u00ebr banor\u00ebt, por m\u00eb pas kishte d\u00ebrguar fadromat p\u00ebr t\u2019i prishur.<\/p>\n<p><strong>Reagimi <\/strong><\/p>\n<p>Bekimi nuk kishte mbushur akoma 1 vje\u00e7, kur e \u00ebma e kishte l\u00ebn\u00eb t\u00eb lidhur n\u00eb djep dhe ishte larguar p\u00ebr t\u00eb punuar. N\u00eb sht\u00ebpi kishte pasur nj\u00eb shk\u00ebndij\u00eb dhe djepi kishte marr\u00eb zjarr. Dikush nga fqinj\u00ebt kishte par\u00eb zjarrin dhe kishte nxituar t\u00eb nxjerr\u00eb foshnj\u00ebn nga djepi. Kur e \u00ebma kishte mb\u00ebrritur n\u00eb spital kishte gjetur djepin q\u00eb digjej p\u00ebrjashta dhe kishte kuptuar gjith\u00e7ka.<\/p>\n<p>Nga zjarri Bekimi humbi dy k\u00ebmb\u00ebt, nj\u00ebr\u00ebn dor\u00eb dhe p\u00ebsoi djegie t\u00eb thella t\u00eb fytyr\u00ebs. Por, Bekimi mbijetoi. Mbijetoi dhe nuk pranoi t&#8217;i dor\u00ebzohej fatit t\u00eb tij. Ishte aktiv n\u00eb t\u00eb gjitha loj\u00ebrat dhe prap\u00ebsit\u00eb e f\u00ebmij\u00ebris\u00eb, adoleshenc\u00ebs dhe rinis\u00eb me bashk\u00ebmoshatar\u00ebt e tij. F\u00ebmij\u00ebt, t\u00eb rinjt\u00eb, burrat dhe grat\u00eb e fshatit Hot i Ri n\u00eb Shkod\u00ebr e donin dhe mb\u00ebshtesnin Bekimin pa b\u00ebr\u00eb asnj\u00eb dallim.<\/p>\n<p>M\u00eb 30 prill 2024, Edi Rama kishte deklaruar se banor\u00ebt e Thethit kishin nd\u00ebrtuar pa leje se nuk kishin mundur t\u00eb merrnin certifikatat e pron\u00ebsis\u00eb dhe brenda dy muajsh problemi do zgjidhej. Bekimi kishte d\u00ebgjuar k\u00ebt\u00eb dhe nj\u00eb vit m\u00eb par\u00eb me kursimet e kempit dhe nj\u00eb kredie bankare, nd\u00ebrtoi 5 sht\u00ebpiza druri n\u00eb fshatin Theth, n\u00eb tok\u00ebn e t\u00eb par\u00ebve t\u00eb tij, t\u00eb njohur p\u00ebr Kull\u00ebn e famshme t\u00eb ngujimit, ku stresoheshin burrat e Dukagjinit p\u00ebr t\u00eb gjetur bes\u00eb e mbrojtje.<\/p>\n<p>Sht\u00ebpizat e Bekimit mir\u00ebprisnin miq nga e gjith\u00eb bota, si\u00e7 kishte b\u00ebr\u00eb dikur edhe gjyshi i tij, Zefi. Por, nj\u00eb vit m\u00eb pas Edi Rama kishte d\u00ebrguar polic\u00eb, inspektor\u00eb, fadroma dhe kamion\u00eb p\u00ebr t&#8217;i prishur sht\u00ebpizat e Bekimit. Me t\u00eb gjitha kursimet e harxhuara, nj\u00eb kredi t\u00eb pashlyer dhe me nj\u00eb shtet q\u00eb gjith\u00eb forc\u00ebn e ka v\u00ebn\u00eb p\u00ebrball\u00eb tij, Bekimi ishte shtrir\u00eb sot p\u00ebrball\u00eb fadromave dhe nuk largohej. Ja kjo \u00ebsht\u00eb fytyra e v\u00ebrtet\u00eb e Edi Ram\u00ebs: i fort\u00eb me t\u00eb dob\u00ebtit dhe i dob\u00ebt me t\u00eb fort\u00ebt.<\/p>\n<p>Nd\u00ebrkoh\u00eb q\u00eb n\u00eb bregdet e Tiran\u00eb ngrihen dhjet\u00ebra kate kullash, vilash e resortesh pa leje t\u00eb oligark\u00ebve, Edi Rama ka vendosur t\u00eb merret me sht\u00ebpizat e Bekimit n\u00eb tok\u00ebn e t\u00eb par\u00ebve n\u00eb Theth. Sepse ai s&#8217;ka as guximin, as kurajon, as vullnetin t\u00eb merret me oligark\u00ebt dhe nd\u00ebrtimet e tyre pa leje, por vet\u00ebm prish dhe shkat\u00ebrron mundin, djers\u00ebn dhe kursimet e njer\u00ebzve t\u00eb thjesht\u00eb e t\u00eb pamundur si Bekimi q\u00eb nuk kan\u00eb vjedhur, uzurpuar apo p\u00ebrfituar prona me falsifikime e korrupsion, por kan\u00eb nd\u00ebrtuar n\u00eb tokat e t\u00eb par\u00ebve t\u00eb tyre.<\/p>\n<p>N\u00eb fakt, plani i Edi Ram\u00ebs \u00ebsht\u00eb i qart\u00eb. N\u00eb vend t\u00eb investimeve modeste q\u00eb kan\u00eb b\u00ebr\u00eb banor\u00ebt e zon\u00ebs me kursimet e tyre, ndryshimet e ligjit p\u00ebr zonat e mbrojtura kan\u00eb mund\u00ebsuar grabitjen e pronave p\u00ebr nd\u00ebrtimin e resorteve me 5 yje t\u00eb oligark\u00ebve n\u00eb zem\u00ebr t\u00eb zonave t\u00eb mbrojtura, si\u00e7 \u00ebsht\u00eb Parku Komb\u00ebtar i Thethit.<\/p>\n<p>Por, p\u00ebrtej politik\u00ebs i b\u00ebj thirrje Edi Ram\u00ebs dhe Benet Becit q\u00eb t\u00eb largojn\u00eb polic\u00ebt, inspektor\u00ebt dhe fadromat e tyre e t\u00eb lejojn\u00eb Bekimin t\u00eb g\u00ebzoj\u00eb frytet e kursimeve t\u00eb nj\u00eb jete p\u00ebr t\u00eb b\u00ebr\u00eb realitet \u00ebndrr\u00ebn e tij. Sepse njer\u00ebz si Bekimi duhen mb\u00ebshtetur, mir\u00ebkuptuar dhe ndihmuar, e kurr\u00ebsesi t\u00eb b\u00ebhen shembulli i arbitraritet, abuzimit dhe paligjshm\u00ebris\u00eb.<\/p>\n","protected":false},"excerpt":{"rendered":"<p>Kreu i Grupit Parlamentar t\u00eb Partis\u00eb Demokratike, Gazment Bardhi, ka reaguar p\u00ebr prishjen e sht\u00ebpizave\u00a0 n\u00eb Theth, duke e u shprehur se\u00a0\u201cfytyra e v\u00ebrtet\u00eb e Edi Ram\u00ebs \u00ebsht\u00eb: i fort\u00eb me t\u00eb dob\u00ebtit dhe i dob\u00ebt me t\u00eb fort\u00ebt\u201d. Ai solli n\u00eb v\u00ebmendje historin\u00eb e Bekimit, nj\u00eb qytetar me aft\u00ebsi ndryshe q\u00eb mbijetoi nj\u00eb zjarr &hellip;<\/p>\n","protected":false},"author":4,"featured_media":118436,"comment_status":"closed","ping_status":"closed","sticky":false,"template":"","format":"standard","meta":{"footnotes":""},"categories":[37],"tags":[],"class_list":["post-118574","post","type-post","status-publish","format-standard","has-post-thumbnail","","category-politike"],"_links":{"self":[{"href":"https:\/\/rdnews.al\/index.php\/wp-json\/wp\/v2\/posts\/118574","targetHints":{"allow":["GET"]}}],"collection":[{"href":"https:\/\/rdnews.al\/index.php\/wp-json\/wp\/v2\/posts"}],"about":[{"href":"https:\/\/rdnews.al\/index.php\/wp-json\/wp\/v2\/types\/post"}],"author":[{"embeddable":true,"href":"https:\/\/rdnews.al\/index.php\/wp-json\/wp\/v2\/users\/4"}],"replies":[{"embeddable":true,"href":"https:\/\/rdnews.al\/index.php\/wp-json\/wp\/v2\/comments?post=118574"}],"version-history":[{"count":1,"href":"https:\/\/rdnews.al\/index.php\/wp-json\/wp\/v2\/posts\/118574\/revisions"}],"predecessor-version":[{"id":118575,"href":"https:\/\/rdnews.al\/index.php\/wp-json\/wp\/v2\/posts\/118574\/revisions\/118575"}],"wp:featuredmedia":[{"embeddable":true,"href":"https:\/\/rdnews.al\/index.php\/wp-json\/wp\/v2\/media\/118436"}],"wp:attachment":[{"href":"https:\/\/rdnews.al\/index.php\/wp-json\/wp\/v2\/media?parent=118574"}],"wp:term":[{"taxonomy":"category","embeddable":true,"href":"https:\/\/rdnews.al\/index.php\/wp-json\/wp\/v2\/categories?post=118574"},{"taxonomy":"post_tag","embeddable":true,"href":"https:\/\/rdnews.al\/index.php\/wp-json\/wp\/v2\/tags?post=118574"}],"curies":[{"name":"wp","href":"https:\/\/api.w.org\/{rel}","templated":true}]}}